{"id":56509,"date":"2019-08-16T15:14:11","date_gmt":"2019-08-16T19:14:11","guid":{"rendered":"https:\/\/linitiative.ca\/International\/international-real-madrid-3-a-4-semaines-dabsence-pour-hazard\/"},"modified":"2019-08-16T15:14:11","modified_gmt":"2019-08-16T19:14:11","slug":"international-real-madrid-3-a-4-semaines-dabsence-pour-hazard","status":"publish","type":"post","link":"https:\/\/linitiative.ca\/International\/international-real-madrid-3-a-4-semaines-dabsence-pour-hazard\/","title":{"rendered":"International : Real Madrid: 3 \u00e0 4 semaines d&rsquo;absence pour Hazard"},"content":{"rendered":"<div readability=\"32\">\n<p>Auteur : <span class=\"time\">vendredi 16 ao\u00fbt 2019 17:47<\/span><\/p>\n<\/div>\n<div id=\"post_core\" readability=\"41\">\n<p>Eden Hazard (28 ans) souffre d&rsquo;une blessure \u00e0 la cuisse gauche. R\u00e9sultat, l&rsquo;ailier du Real Madrid va manquer \u00ab\u00a0trois \u00e0 quatre semaines de comp\u00e9tition\u00a0\u00bb, affirment Marca et AS. Un coup dur pour le Belge, qui devrait donc faire ses grands d\u00e9buts avec la Maison Blanche apr\u00e8s la tr\u00eave internationale, contre Levante, le 14 septembre, \u00e0 l&rsquo;occasion de la 4e journ\u00e9e de Liga rapporte Maxifoot.fr.<\/p>\n<p><strong>Publi\u00e9 dans :<\/strong> <span>Hazard<\/span><\/p>\n<\/div>\n<p>Auteur:<br \/>\n<a href=\"http:\/\/www.lebuteur.com\/article\/detail?titre=real-madrid-3-a-4-semaines-dabsence-pour-hazard&#038;id=91091&#038;utm_source=feedburner&#038;utm_medium=feed&#038;utm_campaign=Feed%3A+GalerieFArtciles+%28Les+derniers+articles++-+lebuteur.com%29\">Cliquez ici pour lire l&rsquo;article depuis sa source.<\/a><\/p>\n","protected":false},"excerpt":{"rendered":"<p>Auteur : vendredi 16 ao\u00fbt 2019 17:47 Eden Hazard (28 ans) souffre d&rsquo;une blessure \u00e0 la cuisse gauche. R\u00e9sultat, l&rsquo;ailier du Real Madrid va manquer \u00ab\u00a0trois \u00e0 quatre semaines de comp\u00e9tition\u00a0\u00bb, affirment Marca et AS. Un coup dur pour le Belge, qui devrait donc faire ses grands d\u00e9buts avec la Maison Blanche apr\u00e8s la tr\u00eave [&hellip;]<\/p>\n","protected":false},"author":1738,"featured_media":56510,"comment_status":"closed","ping_status":"closed","sticky":false,"template":"","format":"standard","meta":{"fifu_image_url":"","fifu_image_alt":"","footnotes":""},"categories":[53,75],"tags":[],"class_list":["post-56509","post","type-post","status-publish","format-standard","has-post-thumbnail","hentry","category-algerie","category-sport"],"_links":{"self":[{"href":"https:\/\/linitiative.ca\/International\/wp-json\/wp\/v2\/posts\/56509","targetHints":{"allow":["GET"]}}],"collection":[{"href":"https:\/\/linitiative.ca\/International\/wp-json\/wp\/v2\/posts"}],"about":[{"href":"https:\/\/linitiative.ca\/International\/wp-json\/wp\/v2\/types\/post"}],"author":[{"embeddable":true,"href":"https:\/\/linitiative.ca\/International\/wp-json\/wp\/v2\/users\/1738"}],"replies":[{"embeddable":true,"href":"https:\/\/linitiative.ca\/International\/wp-json\/wp\/v2\/comments?post=56509"}],"version-history":[{"count":0,"href":"https:\/\/linitiative.ca\/International\/wp-json\/wp\/v2\/posts\/56509\/revisions"}],"wp:featuredmedia":[{"embeddable":true,"href":"https:\/\/linitiative.ca\/International\/wp-json\/"}],"wp:attachment":[{"href":"https:\/\/linitiative.ca\/International\/wp-json\/wp\/v2\/media?parent=56509"}],"wp:term":[{"taxonomy":"category","embeddable":true,"href":"https:\/\/linitiative.ca\/International\/wp-json\/wp\/v2\/categories?post=56509"},{"taxonomy":"post_tag","embeddable":true,"href":"https:\/\/linitiative.ca\/International\/wp-json\/wp\/v2\/tags?post=56509"}],"curies":[{"name":"wp","href":"https:\/\/api.w.org\/{rel}","templated":true}]}}