{"id":58216,"date":"2019-08-16T13:51:19","date_gmt":"2019-08-16T17:51:19","guid":{"rendered":"https:\/\/linitiative.ca\/International\/26e-vendredi-ce-que-pensent-les-marcheurs-a-hadjout-tipasa\/"},"modified":"2019-08-16T13:51:19","modified_gmt":"2019-08-16T17:51:19","slug":"26e-vendredi-ce-que-pensent-les-marcheurs-a-hadjout-tipasa","status":"publish","type":"post","link":"https:\/\/linitiative.ca\/International\/26e-vendredi-ce-que-pensent-les-marcheurs-a-hadjout-tipasa\/","title":{"rendered":"26e vendredi : Ce que pensent les marcheurs \u00e0 Hadjout (Tipasa)"},"content":{"rendered":"<h4 class=\"title-14\"\/>\n<div class=\"featured_image\"><img width=\"1420\" height=\"993\" data-cfsrc=\"https:\/\/www.elwatan.com\/wp-content\/uploads\/2019\/08\/hadjout-1.jpg\" class=\"attachment-post-thumbnail size-post-thumbnail wp-post-image c2\" alt=\"\" srcset=\"https:\/\/www.elwatan.com\/wp-content\/uploads\/2019\/08\/hadjout-1.jpg 1420w, https:\/\/www.elwatan.com\/wp-content\/uploads\/2019\/08\/hadjout-1-300x210.jpg 300w, https:\/\/www.elwatan.com\/wp-content\/uploads\/2019\/08\/hadjout-1-768x537.jpg 768w, https:\/\/www.elwatan.com\/wp-content\/uploads\/2019\/08\/hadjout-1-1024x716.jpg 1024w, https:\/\/www.elwatan.com\/wp-content\/uploads\/2019\/08\/hadjout-1-1320x923.jpg 1320w\" sizes=\"(max-width: 1420px) 100vw, 1420px\"\/><noscript><\/p>\n<p><img loading=\"lazy\" decoding=\"async\" width=\"1420\" height=\"993\" src=\"https:\/\/www.elwatan.com\/wp-content\/uploads\/2019\/08\/hadjout-1.jpg\" class=\"attachment-post-thumbnail size-post-thumbnail wp-post-image\" alt=\"\" srcset=\"https:\/\/www.elwatan.com\/wp-content\/uploads\/2019\/08\/hadjout-1.jpg 1420w, https:\/\/www.elwatan.com\/wp-content\/uploads\/2019\/08\/hadjout-1-300x210.jpg 300w, https:\/\/www.elwatan.com\/wp-content\/uploads\/2019\/08\/hadjout-1-768x537.jpg 768w, https:\/\/www.elwatan.com\/wp-content\/uploads\/2019\/08\/hadjout-1-1024x716.jpg 1024w, https:\/\/www.elwatan.com\/wp-content\/uploads\/2019\/08\/hadjout-1-1320x923.jpg 1320w\" sizes=\"auto, (max-width: 1420px) 100vw, 1420px\"\/><\/p>\n<p><\/noscript> <span class=\"featured-image-caption\">26e vendredi \u00e0 Hadjout ( Tipasa). Photo : M&rsquo;hamed H.<\/span><\/div>\n<p>Les Hadjoutis, embl\u00e8me national \u00e0 la main pour certains, sur les \u00e9paules pour d\u2019autres, ont patient\u00e9 devant le monument des martyrs de la R\u00e9volution quelques dizaines de minutes avant l\u2019arriv\u00e9e de leurs compatriotes, venus des autres quartiers de la ville. La procession d\u00e9marre\u2026<\/p>\n<p>Des pancartes et des banderoles sont hiss\u00e9es par les manifestants, pour rappeler leurs revendications\u00a0: \u00ab\u00a0klitou lebled ya essarakine\u00a0( vous avez pill\u00e9 le pays, voleurs)\u00bb, \u00ab Ignorer les articles 7 et 8, signifie le sc\u00e9nario \u00e9gyptien en Alg\u00e9rie\u00a0\u00bb, \u00ab\u00a0dawla madania machi \u00e2askariya\u00a0(Etat civil, pas militaire) \u00bb, \u00ab\u00a0Alg\u00e9rie libre et d\u00e9mocratique\u00a0\u00bb.\u00a0Gaid Salah et Karim Youn\u00e8s n\u2019ont pas \u00e9chapp\u00e9 aux slogans hostiles des manifestants.\u00a0\u00a0Un citoyen distribuait des petites bouteilles d\u2019eau min\u00e9rale aux manifestants. Au fil des m\u00e8tres parcourus, la foule grossit en l\u2019absence des femmes. Les groupes de policiers se postent aux coins des rues, \u00e0 l\u2019ombre. La manifestation du sourire ne les inqui\u00e8te pas.<\/p>\n<p>Des marcheurs nous ont fait part de leur perception concernant l\u2019avenir du Hirak. \u00ab\u00a0Nous manifestons depuis le 22 f\u00e9vrier, maintenant nous devons nous poser des questions sur les dispositions \u00e0 prendre. L\u2019avenir de notre pays et de notre jeunesse devra passer en premier lieu et le statu quo ne devra plus durer encore\u00a0\u00bb, nous explique un retrait\u00e9.<\/p>\n<p>Un m\u00e9decin sp\u00e9cialiste nous a d\u00e9clar\u00e9\u00a0: \u00ab\u00a0je suis venu de Montr\u00e9al dans la matin\u00e9e d\u2019aujourd\u2019hui nous. J\u2019ai particip\u00e9 \u00e0 plusieurs manifestations dans diff\u00e9rentes villes en Alg\u00e9rie depuis le 22 f\u00e9vrier. Dites-vous bien que j\u2019ai aussi manifest\u00e9 devant le Consulat d\u2019Alg\u00e9rie \u00e0 Montr\u00e9al avec notre communaut\u00e9 qui r\u00e9side au Canada, franchement je suis heureux de la forte mobilisation l\u00e0-bas, et aujourd\u2019hui, pour honorer la m\u00e9moire de mon p\u00e8re chahid et ses compagnons, je ne voulais pas rater la manif du vendredi \u00e0 Hadjout. Depuis 57 ans, ceux qui ont dirig\u00e9 notre pays, avaient dilapid\u00e9 les richesses du peuple et ils nous ont eu avec leurs discours mensongers\u00a0\u00bb.<\/p>\n<p>Un op\u00e9rateur \u00e9conomique qui s\u2019inqui\u00e8te de la faillite du pays, estime\u00a0 : \u00a0\u00ab\u00a0heureusement que Facebook a r\u00e9ussi \u00e0 unir le peuple pour se d\u00e9barrasser d\u2019une partie du gang, les voleurs, mais il reste encore l\u2019autre partie du gang qui s\u2019\u00e9tait mobilis\u00e9e pour perp\u00e9tuer le r\u00e8gne de r\u00e9\u00e9lire Bouteflika et sa clique, Bouteflika est revenu au pays gr\u00e2ce \u00e0 l\u2019appui malheureusement des militaires, pour se venger des alg\u00e9riens et mettre notre pays dans l\u2019\u00e9tat o\u00f9 il se trouve maintenant en dilapidant les richesses encha\u00eene-t-il, c\u2019est inadmissible, il faut qu\u2019il soit jug\u00e9\u00a0\u00bb.<\/p>\n<p>Signalons enfin que la ville de Tipasa et la localit\u00e9 de Cherchell ont enregistr\u00e9 \u00e9galement des manifestations pacifiques en ce 26<sup>e<\/sup> vendredi.<\/p>\n<p><span class=\"post-views-label\">Post Views:<\/span> <span class=\"post-views-count\">306<\/span><\/p>\n<p><br class=\"c4\"\/><\/p>\n<p>Auteur: Farouk Djouadi<br \/>\n<a href=\"https:\/\/www.elwatan.com\/edition\/actualite\/26e-vendredi-ce-que-pensent-les-marcheurs-a-hadjout-tipasa-16-08-2019\">Cliquez ici pour lire l&rsquo;article depuis sa source.<\/a><\/p>\n","protected":false},"excerpt":{"rendered":"<p>26e vendredi \u00e0 Hadjout ( Tipasa). Photo : M&rsquo;hamed H. Les Hadjoutis, embl\u00e8me national \u00e0 la main pour certains, sur les \u00e9paules pour d\u2019autres, ont patient\u00e9 devant le monument des martyrs de la R\u00e9volution quelques dizaines de minutes avant l\u2019arriv\u00e9e de leurs compatriotes, venus des autres quartiers de la ville. La procession d\u00e9marre\u2026 Des pancartes [&hellip;]<\/p>\n","protected":false},"author":1743,"featured_media":58217,"comment_status":"closed","ping_status":"closed","sticky":false,"template":"","format":"standard","meta":{"fifu_image_url":"","fifu_image_alt":"","footnotes":""},"categories":[73,53],"tags":[],"class_list":["post-58216","post","type-post","status-publish","format-standard","has-post-thumbnail","hentry","category-actualite","category-algerie"],"_links":{"self":[{"href":"https:\/\/linitiative.ca\/International\/wp-json\/wp\/v2\/posts\/58216","targetHints":{"allow":["GET"]}}],"collection":[{"href":"https:\/\/linitiative.ca\/International\/wp-json\/wp\/v2\/posts"}],"about":[{"href":"https:\/\/linitiative.ca\/International\/wp-json\/wp\/v2\/types\/post"}],"author":[{"embeddable":true,"href":"https:\/\/linitiative.ca\/International\/wp-json\/wp\/v2\/users\/1743"}],"replies":[{"embeddable":true,"href":"https:\/\/linitiative.ca\/International\/wp-json\/wp\/v2\/comments?post=58216"}],"version-history":[{"count":0,"href":"https:\/\/linitiative.ca\/International\/wp-json\/wp\/v2\/posts\/58216\/revisions"}],"wp:featuredmedia":[{"embeddable":true,"href":"https:\/\/linitiative.ca\/International\/wp-json\/"}],"wp:attachment":[{"href":"https:\/\/linitiative.ca\/International\/wp-json\/wp\/v2\/media?parent=58216"}],"wp:term":[{"taxonomy":"category","embeddable":true,"href":"https:\/\/linitiative.ca\/International\/wp-json\/wp\/v2\/categories?post=58216"},{"taxonomy":"post_tag","embeddable":true,"href":"https:\/\/linitiative.ca\/International\/wp-json\/wp\/v2\/tags?post=58216"}],"curies":[{"name":"wp","href":"https:\/\/api.w.org\/{rel}","templated":true}]}}