{"id":58221,"date":"2019-08-16T06:00:00","date_gmt":"2019-08-16T10:00:00","guid":{"rendered":"https:\/\/linitiative.ca\/International\/revelations-comment-cette-photo-de-leaders-reprise-par-paris-match-est-devenue-historique-album-photos\/"},"modified":"2019-08-16T06:00:00","modified_gmt":"2019-08-16T10:00:00","slug":"revelations-comment-cette-photo-de-leaders-reprise-par-paris-match-est-devenue-historique-album-photos","status":"publish","type":"post","link":"https:\/\/linitiative.ca\/International\/revelations-comment-cette-photo-de-leaders-reprise-par-paris-match-est-devenue-historique-album-photos\/","title":{"rendered":"R\u00e9v\u00e9lations: comment cette photo de leaders reprise par Paris Match est devenue historique (Album photos)"},"content":{"rendered":"<p>Vous l\u2019avez vue en couverture de Paris Match, mais aussi un grand nombre de magazines et quotidiens de par le monde. Cette magnifique photo du pr\u00e9sident B\u00e9ji Ca\u00efd Essebsi en jebba blanche, sur les hauteurs de Carthage, sp\u00e9cialement <a href=\"https:\/\/www.leaders.com.tn\/article\/22831-beji-caid-essebsi-parle-de-marzouki-chahed-ghannouchi-nidaa-et-de-2019\" target=\"_blank\" rel=\"noopener noreferrer\">prise pour <span class=\"c2\"><em><strong>Leaders<\/strong><\/em><\/span><\/a>, et publi\u00e9e dans <a href=\"https:\/\/www.leaders.com.tn\/uploads\/mensuel\/pdf\/20170919153120__leaders-n-75-juillet-planche.pdf\" target=\"_blank\" rel=\"noopener noreferrer\">le num\u00e9ro 75 d\u2019ao\u00fbt 2017<\/a>, est devenue l\u00e9gendaire. Son histoire m\u00e9rite d\u2019\u00eatre racont\u00e9e.<\/p>\n<p class=\"c3\"><img decoding=\"async\" src=\"\/uploads\/FCK_files\/Leaders-N%C2%B075-Aout-2017-Planche-1.jpg\" alt=\"\" width=\"50%\" vspace=\"5\" hspace=\"5\" align=\"middle\"\/><br \/><img decoding=\"async\" src=\"\/uploads\/FCK_files\/B%C3%A9ji-par-B%C3%A9ji-Leaders-1.png\" alt=\"\" width=\"100%%\" vspace=\"5\" hspace=\"5\" align=\"middle\"\/><br \/><img decoding=\"async\" src=\"\/uploads\/FCK_files\/B%C3%A9ji-par-B%C3%A9ji-Leaders-2.png\" alt=\"\" width=\"100%\" vspace=\"5\" hspace=\"5\" align=\"middle\"\/><br \/><img decoding=\"async\" src=\"\/uploads\/FCK_files\/B%C3%A9ji-par-B%C3%A9ji-Leaders-3.png\" alt=\"\" width=\"100%\" vspace=\"5\" hspace=\"5\" align=\"middle\"\/><\/p>\n<p class=\"c3\"><img decoding=\"async\" src=\"\/uploads\/FCK_files\/Parimatch.jpg\" alt=\"\" width=\"50%\" vspace=\"5\" hspace=\"5\" align=\"middle\"\/><\/p>\n<p class=\"c3\"><img decoding=\"async\" src=\"\/uploads\/FCK_files\/B%C3%A9ji-par-B%C3%A9ji.png\" alt=\"\" width=\"100%\" vspace=\"5\" hspace=\"5\" align=\"middle\"\/><\/p>\n<p>Nous \u00e9tions d\u00e9but juillet 2017. Le pr\u00e9sident Ca\u00efd Essebsi, port\u00e9, par le premier scrutin ind\u00e9pendant et transparent, \u00e0 la t\u00eate de la R\u00e9publique le 21 d\u00e9cembre 2014, avait officiellement pris ses fonctions le 1er janvier 2015. Deux ans et demi apr\u00e8s, il \u00e9tait alors \u00e0 mi-mandat. Quel bilan en dresse-t-il et comment compte-t-il conduire la deuxi\u00e8me partie de son quinquennat ? Lorsque je lui ai pos\u00e9 la question en lui proposant d\u2019en accorder \u00e0 <span class=\"c2\"><em><strong>Leaders<\/strong><\/em><\/span> une interview exclusive, le pr\u00e9sident Ca\u00efd Essebsi y a acquiesc\u00e9 avec sa courtoisie habituelle. Restait \u00e0 obtenir un rendez-vous et conna\u00eetre le lieu o\u00f9 devait se d\u00e9rouler cette interview, qui sera illustr\u00e9e par une reportage photo exclusif.<\/p>\n<h2>Sc\u00e9narisation<\/h2>\n<p>Le cadre est important. Il fallait sortir le pr\u00e9sident du d\u00e9cor habituel du palais de Carthage, ses diff\u00e9rents salons et le cabinet o\u00f9 officie le chef de l\u2019Etat. Sa r\u00e9sidence, Dar Essalem, dans l\u2019enceinte du palais est beaucoup plus appropri\u00e9e. A l\u2019int\u00e9rieur, le cadre, modeste o\u00f9 il vit en famille, est plus intime. A l\u2019ext\u00e9rieur, le jardin qui surplombe la mer, offre un paysage peu explor\u00e9. Quant \u00e0 la tenue appropri\u00e9e, en plein \u00e9t\u00e9, rien ne vaut une jebba blanche qui lui sied parfaitement en toute \u00e9l\u00e9gance.<\/p>\n<p>La proposition de <span class=\"c2\"><em><strong>Leaders<\/strong><\/em><\/span> est imm\u00e9diatement accept\u00e9e. Disciple de Bourguiba, B\u00e9ji Ca\u00efd Essebsi sait se plier courtoisement aux dol\u00e9ances de la presse et taquiner cam\u00e9ras et appareils photos.<\/p>\n<p>La date a \u00e9t\u00e9 bien choisie : le mardi 25 juillet 2017, \u00e0 16 heures. Comme chaque ann\u00e9e depuis qu\u2019il est \u00e0 Carthage, le pr\u00e9sident Ca\u00efd Essebsi devait se rendre au palais du Bardo assister \u00e0 la r\u00e9ception donn\u00e9e par le pr\u00e9sident de l\u2019Assembl\u00e9e des repr\u00e9sentants du Peuple, Mohamed Ennaceur, \u00e0 l\u2019occasion de la c\u00e9l\u00e9bration de la f\u00eate de la R\u00e9publique. En jebba.<\/p>\n<p>Rester pour l\u2019\u00e9quipe de <span class=\"c2\"><em><strong>Leaders<\/strong><\/em><\/span> de bien s\u2019y pr\u00e9parer : \u00e9laborer les questions, d\u00e9signer les photographes, rep\u00e9rer d\u2019avance les bons endroits de prise de vue\u2026 Tout se d\u00e9roulera tr\u00e8s fluidement. Les deux directeurs conseillers de <span class=\"c2\"><em><strong>Leaders<\/strong><\/em><\/span>, H\u00e9di B\u00e9hi et Abdelhafidh Harguem se joindront \u00e0 moi pour ficeler les questions, par th\u00e9matiques, \u00e9tablir un chronogramme pour la gestion du temps qui nous sera imparti, entre interview et shooting photo.<\/p>\n<h2>Hammi- Belaid et l\u2019\u00e9quipe Com de Carthage en dream-team<\/h2>\n<h2><img decoding=\"async\" src=\"\/uploads\/FCK_files\/Fathi-Belaid-25-07-17-(3)(2).jpg\" alt=\"\" width=\"30%\" vspace=\"5\" hspace=\"5\" align=\"right\"\/><\/h2>\n<p>De son c\u00f4t\u00e9, le photographe en chef de <span class=\"c2\"><em><strong>Leaders<\/strong><\/em><\/span>, Mohamed Hammi, se fera accompagner deson confr\u00e8re et ami de longue date, Abdelfettah Bela\u00efd (AFP), pour se compl\u00e9ter utilement. Tous deux, ils avaient une relation professionnelle privil\u00e9gi\u00e9e avec le pr\u00e9sident Ca\u00efd Essebsi, depuis plus de 40 ans. Chaque fois qu\u2019il rencontrait l\u2019un, il lui demandait des nouvelles de l\u2019autre : \u00ab Winousahebek ?\u00bb Habitu\u00e9 \u00e0 leur tumulte qui brave souvent le protocole, il leur pardonnait tout, n\u2019h\u00e9sitant pas \u00e0 les recadrer s\u2019il faut, de tout son humour. Cette confiance entre la personnalit\u00e9 \u00e0 prendre en photo et les photographes est tr\u00e8s importante pour les mettre tous \u00e0 l\u2019aise et garantir des prises de vue expressives.<\/p>\n<p class=\"c3\"><img decoding=\"async\" src=\"\/uploads\/FCK_files\/DSC_8260.jpg\" class=\"c4\" alt=\"\" width=\"100%\" vspace=\"5\" hspace=\"5\" align=\"middle\"\/><\/p>\n<p class=\"c3\"><img decoding=\"async\" src=\"\/uploads\/FCK_files\/carthage-123.jpg\" alt=\"\" width=\"100%\" vspace=\"5\" hspace=\"5\" align=\"middle\"\/><\/p>\n<p>Depuis son arriv\u00e9e \u00e0 Carthage, Sil B\u00e9ji avait adoub\u00e9 l\u2019\u00e9quipe Com, dirig\u00e9e d\u2019abord par Moez Sinaoui, puis Firas Guefrache et A\u00efda Klibi, qu\u2019il connaissait d\u00e9j\u00e0 depuis la Kasbah en 2011, puis Nidaa, rejoint par Awatef Dali. Il accordera aussi toute son attention au groupe photo-audio, compos\u00e9 notamment de Houcem Mzoughi (digital, team leader), Slim Abid et Ali Louati (photo), Ahmed Azaiez et Ali Ben Sa\u00efed (vid\u00e9o) Houssemeddine Lahmar (son), Wafa Souli et l\u2019incontournable Azzouz Mathlouthi. Il veillait sur eux en bon p\u00e8re de famille, les laissant travailler \u00e0 l\u2019aise sans jamais y intervenir.<\/p>\n<h2>\u00ab Alors vous me faites travailler un jour f\u00e9ri\u00e9 ! \u00bb<\/h2>\n<p>Lorsque l\u2019\u00e9quipe de <span class=\"c2\"><em><strong>Leaders<\/strong><\/em><\/span> arrive au grand portail d\u2019honneur de Carthage, \u00e0 15H45, les gardes en \u00e9taient pr\u00e9venus. Tout sera facile et rapide : juste le temps de parquer les voitures, de descendre le mat\u00e9riel photo et de le v\u00e9rifier une derni\u00e8re fois, puis on se dirige vers la villa. Ceux qui ne la connaissaient pas d\u00e9couvriront une maison tr\u00e8s anodine, comme tant d\u2019autres en banlieue nord, compos\u00e9e d\u2019un rez-de-chauss\u00e9e et d\u2019un \u00e9tage, donnant sur un jardin. Ancienne r\u00e9sidence de hauts fonctionnaires fran\u00e7ais, elle a \u00e9t\u00e9 annex\u00e9e \u00e0 l\u2019enceinte du palais et r\u00e9nov\u00e9e d\u00e9but des ann\u00e9es 1990.<\/p>\n<p>La porte s\u2019ouvre, et c\u2019est le pr\u00e9sident Ca\u00efd Essebsi qui nous re\u00e7oit en personne, lan\u00e7ant avec sa verve habituelle : \u00ab Alors vous me faites travailler, m\u00eame un jour f\u00e9ri\u00e9 ! Mais vous aussi vous travaillez aujourd\u2019hui, alors on est quitte ! \u00bb Il nous fait traverser le petit patio et entrer dans le salon am\u00e9nag\u00e9 en deux parties. La maitresse de maison, son \u00e9pouse Sayda Chadlya, y est avec sa fille Amel et sa belle fille Rym, tout naturellement comme dans la salle de s\u00e9jour de toute maison. Pour b\u00e9n\u00e9ficier de l\u2019\u00e9clairage naturel sous un soleil plus doux en cette apr\u00e8s-midi, on commencera par les prises de vue \u00e0 l\u2019ext\u00e9rieur.<\/p>\n<p>Le pr\u00e9sident Ca\u00efd Essebsi n\u2019est pas difficile : toujours pr\u00eat, se pr\u00eatant aimablement aux photographes. Accompagn\u00e9 de son m\u00e9decin personnel (et gendre) Dr Moez Belkhoja, lui aussi en Jebba, lunettes de soleil bien cal\u00e9es, il nous pr\u00e9c\u00e8de all\u00e8grement sur la pelouse, avan\u00e7ant au fond du jardin. \u00ab Ca vous convient comme \u00e7a ? \u00bb, demande-t-il. Hammi et Bela\u00efd \u00e9taient d\u00e9j\u00e0 en shooting, les appareils photo en mode rafales \u00bb. Sans s\u2019arr\u00eater, ils photographiaient sous divers angles, puis invitent le pr\u00e9sident \u00e0 changer de position puis de retourner \u00e0 la r\u00e9sidence. \u00ab C\u2019est bon ! s\u2019assure-t-il, avant de nous lancer : je vous fais confiance, choisissez ce qui vous convient\u2026 Comme d\u2019habitude. \u00bb<\/p>\n<h2>\u00ab Cette corv\u00e9e, bien n\u00e9cessaire, mais agr\u00e9able des photos \u00bb<\/h2>\n<p class=\"c3\"><img decoding=\"async\" src=\"\/uploads\/FCK_files\/Sa%C3%AFdouna.jpg\" alt=\"\" width=\"100%\" vspace=\"5\" hspace=\"5\" align=\"middle\"\/><\/p>\n<p>Retour \u00e0 la r\u00e9sidence. En toute simplicit\u00e9, Mme Ca\u00efd Essebsi fait servir des g\u00e2teaux et de la citronnade. Sil B\u00e9ji \u00e9tait ravi d\u2019avoir accompli \u00ab cette corv\u00e9e, bien n\u00e9cessaire, mais agr\u00e9able des photos \u00bb. Son humour d\u00e9capant est au bout des l\u00e8vres. Nouvelles prises de vue, puis l\u2019interview commence. Du haut de son magist\u00e8re, il dresse le bilan du mi-mandat et annonce son programme pour les deux ans et demi qui lui restent \u00ab \u00e0 tirer \u00bb. \u00ab Je compte les mois un \u00e0 un, nous dira-t-il, et je m\u2019assure de l\u2019avancement de mes projets, en engagements de campagne. J\u2019implore le Tout Puissant qu\u2019il m\u2019aide \u00e0 y parvenir ! \u00bb<\/p>\n<h2>Sacr\u00e9 B\u00e9ji, super star!<\/h2>\n<p>L\u2019heure pr\u00e9cise du d\u00e9part au Bardo approche. Fin de l\u2019interview. Le pr\u00e9sident nous raccompagne et salue chacun chaleureusement. La voiture pr\u00e9sidentielle est avanc\u00e9e juste devant les marches d\u2019entr\u00e9e, le cort\u00e8ge est pr\u00eat \u00e0 s\u2019\u00e9branler. Slim Azzabi, alors directeur du cabinet pr\u00e9sidentiel et Raouf Mradaa, directeur g\u00e9n\u00e9ral de la S\u00e9curit\u00e9 pr\u00e9sidentielle et de la Protection des personnalit\u00e9s officielles, viennent saluer respectueusement le pr\u00e9sident Ca\u00efd Essebsi. D\u00e9part.<\/p>\n<p class=\"c3\"><img decoding=\"async\" src=\"\/uploads\/FCK_files\/Raouf-Mradaa.jpg\" alt=\"\" width=\"100%\" vspace=\"5\" hspace=\"5\" align=\"middle\"\/><\/p>\n<p>Pour l\u2019\u00e9quipe de <span class=\"c2\"><em><strong>Leaders<\/strong><\/em><\/span>, le vrai travail commence alors. Personne n\u2019avait imagin\u00e9 ce jour-l\u00e0 que l\u2019une des photos de ce reportage exclusif, fera un jour la couverture de Paris-Match et le tour du monde. Sacr\u00e9, B\u00e9ji, super star!<\/p>\n<p class=\"c5\"><strong>Taoufik Habaieb<\/strong><br \/>\u00a0<\/p>\n<p>Auteur:<br \/>\n<a href=\"https:\/\/www.leaders.com.tn\/article\/27693-revelations-comment-cette-photo-de-leaders-reprise-par-paris-match-est-devenue-historique-album-photos\">Cliquez ici pour lire l&rsquo;article depuis sa source.<\/a><\/p>\n","protected":false},"excerpt":{"rendered":"<p>Vous l\u2019avez vue en couverture de Paris Match, mais aussi un grand nombre de magazines et quotidiens de par le monde. Cette magnifique photo du pr\u00e9sident B\u00e9ji Ca\u00efd Essebsi en jebba blanche, sur les hauteurs de Carthage, sp\u00e9cialement prise pour Leaders, et publi\u00e9e dans le num\u00e9ro 75 d\u2019ao\u00fbt 2017, est devenue l\u00e9gendaire. Son histoire m\u00e9rite [&hellip;]<\/p>\n","protected":false},"author":1772,"featured_media":58222,"comment_status":"closed","ping_status":"closed","sticky":false,"template":"","format":"standard","meta":{"fifu_image_url":"","fifu_image_alt":"","footnotes":""},"categories":[73,55],"tags":[],"class_list":["post-58221","post","type-post","status-publish","format-standard","has-post-thumbnail","hentry","category-actualite","category-tunisie"],"_links":{"self":[{"href":"https:\/\/linitiative.ca\/International\/wp-json\/wp\/v2\/posts\/58221","targetHints":{"allow":["GET"]}}],"collection":[{"href":"https:\/\/linitiative.ca\/International\/wp-json\/wp\/v2\/posts"}],"about":[{"href":"https:\/\/linitiative.ca\/International\/wp-json\/wp\/v2\/types\/post"}],"author":[{"embeddable":true,"href":"https:\/\/linitiative.ca\/International\/wp-json\/wp\/v2\/users\/1772"}],"replies":[{"embeddable":true,"href":"https:\/\/linitiative.ca\/International\/wp-json\/wp\/v2\/comments?post=58221"}],"version-history":[{"count":0,"href":"https:\/\/linitiative.ca\/International\/wp-json\/wp\/v2\/posts\/58221\/revisions"}],"wp:featuredmedia":[{"embeddable":true,"href":"https:\/\/linitiative.ca\/International\/wp-json\/"}],"wp:attachment":[{"href":"https:\/\/linitiative.ca\/International\/wp-json\/wp\/v2\/media?parent=58221"}],"wp:term":[{"taxonomy":"category","embeddable":true,"href":"https:\/\/linitiative.ca\/International\/wp-json\/wp\/v2\/categories?post=58221"},{"taxonomy":"post_tag","embeddable":true,"href":"https:\/\/linitiative.ca\/International\/wp-json\/wp\/v2\/tags?post=58221"}],"curies":[{"name":"wp","href":"https:\/\/api.w.org\/{rel}","templated":true}]}}