{"id":58223,"date":"2019-08-16T09:41:00","date_gmt":"2019-08-16T13:41:00","guid":{"rendered":"https:\/\/linitiative.ca\/International\/deces-de-nejib-ayed-le-cinema-en-deuil\/"},"modified":"2019-08-16T09:41:00","modified_gmt":"2019-08-16T13:41:00","slug":"deces-de-nejib-ayed-le-cinema-en-deuil","status":"publish","type":"post","link":"https:\/\/linitiative.ca\/International\/deces-de-nejib-ayed-le-cinema-en-deuil\/","title":{"rendered":"D\u00e9c\u00e8s de Nejib Ayed : le cin\u00e9ma en deuil"},"content":{"rendered":"<p><img decoding=\"async\" src=\"\/uploads\/FCK_files\/35220078592_n.jpg\" width=\"50%\" vspace=\"5\" hspace=\"5\" align=\"left\" alt=\"\"\/>Clip fin, en toute surprise, pour le cin\u00e9aste tunisien Nejib Ayed, foudroy\u00e9 vendredi matin, \u00e0 l\u2019\u00e2ge de 65 ans, par un subit arr\u00eat cardiaque. Avec son regard curieux et accueillant, ses cheveux blancs laiss\u00e9s en bataille, et son amour \u00e9ternel pour le cin\u00e9ma et les cin\u00e9astes. Directeur ex\u00e9cutif des Journ\u00e9es Cin\u00e9matographiques de Carthage\u00a0 depuis 2017, il incarnait toute une g\u00e9n\u00e9ration du 7\u00e8me art au sud de la m\u00e9diterran\u00e9e. Son parcours commencera par les cin\u00e9-clubs et les clubs de cin\u00e9astes amateurs. Son premier point d\u2019ancrage sera longtemps le festival international du film amateur de Kelibia (FIFAK) qui c\u00e9l\u00e8bre cette ann\u00e9e sa 34\u00e8me session. V\u00e9ritable vivier de talents, ce rendez-vous exceptionnel consacrera la vocation de futurs grands r\u00e9alisateurs et producteurs.<\/p>\n<p>C\u2019est tout naturellement que Nejib Ayed rejoindra la F\u00e9d\u00e9ration tunisienne des Cin\u00e9astes Amateurs\u00a0(FTCA) dont il deviendra pr\u00e9sident. Sur la m\u00eame lanc\u00e9e, il mettra le pied \u00e0 l\u2019\u00e9trier dans la production et tentera mille et une aventures. Il fera ses premi\u00e8res armes dans les festivals du cin\u00e9ma arabe et africain, mais aussi m\u00e9diterran\u00e9es, ira \u00e0 Cannes, et se r\u00f4dera un peu partout ailleurs. Son carnet d\u2019adresses est en fait un v\u00e9ritable recueil d\u2019amis fid\u00e8les qui, de simples connaissances, cin\u00e9astes, acteurs, producteurs, prestataires de services, marketeurs, journalistes et autres, sont devenus une part de lui-m\u00eame. Tr\u00e8s attachant, cet enfant de Ksar Helal, qui porte le nom d\u2019une grande famille nationaliste, dont la maison avait abrit\u00e9, le 2 mars 1934, le congr\u00e8s constitutif du n\u00e9o-destour, il a \u00e9t\u00e9 toujours \u00e9t\u00e9 dans les valeurs et la passion. Son plus grand bonheur \u00e9tait de s\u2019attabler avec ses amis autour d\u2019un caf\u00e9. Comme il devait le faire ce dimanche \u00e0 Monastir.<\/p>\n<p>N\u00e9jib Ayed ratera ce moment de convivialit\u00e9. Il nous manquera. FIN. L\u2019\u00e9cran restera blanc. Comme ses cheveux, comme son \u00e2me, comme son c\u0153ur.<\/p>\n<p class=\"c2\"><strong>Taoufik Habaieb<\/strong><br \/>\u00a0<\/p>\n<p>Auteur:<br \/>\n<a href=\"https:\/\/www.leaders.com.tn\/article\/27751-deces-de-nejib-ayed-le-cinema-en-deuil\">Cliquez ici pour lire l&rsquo;article depuis sa source.<\/a><\/p>\n","protected":false},"excerpt":{"rendered":"<p>Clip fin, en toute surprise, pour le cin\u00e9aste tunisien Nejib Ayed, foudroy\u00e9 vendredi matin, \u00e0 l\u2019\u00e2ge de 65 ans, par un subit arr\u00eat cardiaque. Avec son regard curieux et accueillant, ses cheveux blancs laiss\u00e9s en bataille, et son amour \u00e9ternel pour le cin\u00e9ma et les cin\u00e9astes. Directeur ex\u00e9cutif des Journ\u00e9es Cin\u00e9matographiques de Carthage\u00a0 depuis 2017, [&hellip;]<\/p>\n","protected":false},"author":1772,"featured_media":58224,"comment_status":"closed","ping_status":"closed","sticky":false,"template":"","format":"standard","meta":{"fifu_image_url":"","fifu_image_alt":"","footnotes":""},"categories":[73,55],"tags":[],"class_list":["post-58223","post","type-post","status-publish","format-standard","has-post-thumbnail","hentry","category-actualite","category-tunisie"],"_links":{"self":[{"href":"https:\/\/linitiative.ca\/International\/wp-json\/wp\/v2\/posts\/58223","targetHints":{"allow":["GET"]}}],"collection":[{"href":"https:\/\/linitiative.ca\/International\/wp-json\/wp\/v2\/posts"}],"about":[{"href":"https:\/\/linitiative.ca\/International\/wp-json\/wp\/v2\/types\/post"}],"author":[{"embeddable":true,"href":"https:\/\/linitiative.ca\/International\/wp-json\/wp\/v2\/users\/1772"}],"replies":[{"embeddable":true,"href":"https:\/\/linitiative.ca\/International\/wp-json\/wp\/v2\/comments?post=58223"}],"version-history":[{"count":0,"href":"https:\/\/linitiative.ca\/International\/wp-json\/wp\/v2\/posts\/58223\/revisions"}],"wp:featuredmedia":[{"embeddable":true,"href":"https:\/\/linitiative.ca\/International\/wp-json\/"}],"wp:attachment":[{"href":"https:\/\/linitiative.ca\/International\/wp-json\/wp\/v2\/media?parent=58223"}],"wp:term":[{"taxonomy":"category","embeddable":true,"href":"https:\/\/linitiative.ca\/International\/wp-json\/wp\/v2\/categories?post=58223"},{"taxonomy":"post_tag","embeddable":true,"href":"https:\/\/linitiative.ca\/International\/wp-json\/wp\/v2\/tags?post=58223"}],"curies":[{"name":"wp","href":"https:\/\/api.w.org\/{rel}","templated":true}]}}