{"id":58230,"date":"2019-08-16T12:31:41","date_gmt":"2019-08-16T16:31:41","guid":{"rendered":"https:\/\/linitiative.ca\/International\/de-nouvelles-vacances-attendent-les-marocains\/"},"modified":"2019-08-16T12:31:41","modified_gmt":"2019-08-16T16:31:41","slug":"de-nouvelles-vacances-attendent-les-marocains","status":"publish","type":"post","link":"https:\/\/linitiative.ca\/International\/de-nouvelles-vacances-attendent-les-marocains\/","title":{"rendered":"De nouvelles vacances attendent les Marocains!"},"content":{"rendered":"<p><strong>Apr\u00e8s presque 5 jours de vacances dont les Marocains ont b\u00e9n\u00e9fici\u00e9 pendant la f\u00eate de l\u2019A\u00efd al-Adha, \u00e7a continue chez les employ\u00e9s qui auront deux autres jours de plus la semaine prochaine.<\/strong><\/p>\n<div class=\"c10\"\/>\n<p>Les Marocains auront deux jours de vacances qui co\u00efncideront avec l\u2019anniversaire de la r\u00e9volution du roi et du peuple (mardi 20 ao\u00fbt) et la f\u00eate de la jeunesse (mercredi 21 ao\u00fbt).<\/p>\n<p>Lire aussi: <a href=\"https:\/\/www.challenge.ma\/voyage-les-precautions-a-prendre-115235\/\">Voyage : les pr\u00e9cautions \u00e0 prendre<\/a><\/p>\n<p>A noter que la \u00a0semaine derni\u00e8re, les Marocains ont b\u00e9n\u00e9fici\u00e9 de la f\u00eate de l\u2019A\u00efd al-Adha, qui a co\u00efncid\u00e9 avec le lundi 12 ao\u00fbt, ainsi que d\u2019une autre f\u00eate le 14 du m\u00eame mois, \u00e0 l\u2019occasion de l\u2019anniversaire de la r\u00e9cup\u00e9ration de l\u2019Oued Ed-Dahab.<\/p>\n<div class=\"c17\">\n<fieldset class=\"c16\">\n<legend><strong><span class=\"c11\">Challenge<\/span><span class=\"c12\">news<\/span><\/strong><\/legend>\n<div class=\"c15\">Le meilleur de la r\u00e9daction s\u00e9lectionn\u00e9 par Challenge :<\/p>\n<\/div>\n<\/fieldset>\n<\/div>\n<p>Auteur: Hajar DARI<br \/>\n<a href=\"https:\/\/www.challenge.ma\/de-nouvelles-vacances-attendent-les-marocains-115602\/\">Cliquez ici pour lire l&rsquo;article depuis sa source.<\/a><\/p>\n","protected":false},"excerpt":{"rendered":"<p>Apr\u00e8s presque 5 jours de vacances dont les Marocains ont b\u00e9n\u00e9fici\u00e9 pendant la f\u00eate de l\u2019A\u00efd al-Adha, \u00e7a continue chez les employ\u00e9s qui auront deux autres jours de plus la semaine prochaine. Les Marocains auront deux jours de vacances qui co\u00efncideront avec l\u2019anniversaire de la r\u00e9volution du roi et du peuple (mardi 20 ao\u00fbt) et [&hellip;]<\/p>\n","protected":false},"author":1787,"featured_media":0,"comment_status":"closed","ping_status":"closed","sticky":false,"template":"","format":"standard","meta":{"fifu_image_url":"","fifu_image_alt":"","footnotes":""},"categories":[78,54],"tags":[],"class_list":["post-58230","post","type-post","status-publish","format-standard","hentry","category-economie","category-maroc"],"_links":{"self":[{"href":"https:\/\/linitiative.ca\/International\/wp-json\/wp\/v2\/posts\/58230","targetHints":{"allow":["GET"]}}],"collection":[{"href":"https:\/\/linitiative.ca\/International\/wp-json\/wp\/v2\/posts"}],"about":[{"href":"https:\/\/linitiative.ca\/International\/wp-json\/wp\/v2\/types\/post"}],"author":[{"embeddable":true,"href":"https:\/\/linitiative.ca\/International\/wp-json\/wp\/v2\/users\/1787"}],"replies":[{"embeddable":true,"href":"https:\/\/linitiative.ca\/International\/wp-json\/wp\/v2\/comments?post=58230"}],"version-history":[{"count":0,"href":"https:\/\/linitiative.ca\/International\/wp-json\/wp\/v2\/posts\/58230\/revisions"}],"wp:attachment":[{"href":"https:\/\/linitiative.ca\/International\/wp-json\/wp\/v2\/media?parent=58230"}],"wp:term":[{"taxonomy":"category","embeddable":true,"href":"https:\/\/linitiative.ca\/International\/wp-json\/wp\/v2\/categories?post=58230"},{"taxonomy":"post_tag","embeddable":true,"href":"https:\/\/linitiative.ca\/International\/wp-json\/wp\/v2\/tags?post=58230"}],"curies":[{"name":"wp","href":"https:\/\/api.w.org\/{rel}","templated":true}]}}