{"id":58231,"date":"2019-08-16T12:39:22","date_gmt":"2019-08-16T16:39:22","guid":{"rendered":"https:\/\/linitiative.ca\/International\/tanger-un-centre-daccueil-pour-la-diaspora-marocaine\/"},"modified":"2019-08-16T12:39:22","modified_gmt":"2019-08-16T16:39:22","slug":"tanger-un-centre-daccueil-pour-la-diaspora-marocaine","status":"publish","type":"post","link":"https:\/\/linitiative.ca\/International\/tanger-un-centre-daccueil-pour-la-diaspora-marocaine\/","title":{"rendered":"Tanger : Un centre d\u2019accueil pour la diaspora marocaine"},"content":{"rendered":"<p><strong>Le Conseil de la r\u00e9gion Tanger-T\u00e9touan-Al Hoceima a adopt\u00e9 ce 15 ao\u00fbt un projet de convention de partenariat avec le minist\u00e8re d\u00e9l\u00e9gu\u00e9 charg\u00e9 des Marocains r\u00e9sidant \u00e0 l\u2019\u00e9tranger et des affaires de la migration, ayant pour but la cr\u00e9ation d\u2019un centre d\u2019accueil pour la diaspora marocaine.<\/strong><\/p>\n<div class=\"c10\"\/>\n<p>Ce projet s\u2019inscrit dans le cadre de la mise en application de la strat\u00e9gie nationale relative aux <strong>Marocains du monde<\/strong> et aux affaires de la migration. Il vise \u00e0 cr\u00e9er un espace d\u2019\u00e9change et de communication continue avec les membres de la communaut\u00e9 marocaine r\u00e9sidant \u00e0 l\u2019\u00e9tranger.<\/p>\n<p>Ainsi, en vertu de la <strong>convention<\/strong>, les deux parties s\u2019engagent \u00e0 doter ledit centre d\u2019\u00e9quipements n\u00e9cessaires et \u00e0 assurer le suivi et le renforcement des comp\u00e9tences des ressources humaines, ainsi que la gestion et la maintenance p\u00e9riodique du centre.<\/p>\n<p>Un comit\u00e9 de gestion, compos\u00e9 des diff\u00e9rents services ext\u00e9rieurs repr\u00e9sentant les diff\u00e9rents d\u00e9partements et \u00e9tablissements publics, sera cr\u00e9\u00e9 pour assurer le bon fonctionnement du centre conform\u00e9ment \u00e0 un programme d\u2019action adopt\u00e9 annuellement.<\/p>\n<div class=\"c17\">\n<fieldset class=\"c16\">\n<legend><strong><span class=\"c11\">Challenge<\/span><span class=\"c12\">news<\/span><\/strong><\/legend>\n<div class=\"c15\">Le meilleur de la r\u00e9daction s\u00e9lectionn\u00e9 par Challenge :<\/p>\n<\/div>\n<\/fieldset>\n<\/div>\n<p>Auteur: Mohamed Elkarri<br \/>\n<a href=\"https:\/\/www.challenge.ma\/tanger-un-centre-daccueil-pour-la-diaspora-marocaine-115621\/\">Cliquez ici pour lire l&rsquo;article depuis sa source.<\/a><\/p>\n","protected":false},"excerpt":{"rendered":"<p>Le Conseil de la r\u00e9gion Tanger-T\u00e9touan-Al Hoceima a adopt\u00e9 ce 15 ao\u00fbt un projet de convention de partenariat avec le minist\u00e8re d\u00e9l\u00e9gu\u00e9 charg\u00e9 des Marocains r\u00e9sidant \u00e0 l\u2019\u00e9tranger et des affaires de la migration, ayant pour but la cr\u00e9ation d\u2019un centre d\u2019accueil pour la diaspora marocaine. Ce projet s\u2019inscrit dans le cadre de la mise [&hellip;]<\/p>\n","protected":false},"author":1787,"featured_media":0,"comment_status":"closed","ping_status":"closed","sticky":false,"template":"","format":"standard","meta":{"fifu_image_url":"","fifu_image_alt":"","footnotes":""},"categories":[78,54],"tags":[],"class_list":["post-58231","post","type-post","status-publish","format-standard","hentry","category-economie","category-maroc"],"_links":{"self":[{"href":"https:\/\/linitiative.ca\/International\/wp-json\/wp\/v2\/posts\/58231","targetHints":{"allow":["GET"]}}],"collection":[{"href":"https:\/\/linitiative.ca\/International\/wp-json\/wp\/v2\/posts"}],"about":[{"href":"https:\/\/linitiative.ca\/International\/wp-json\/wp\/v2\/types\/post"}],"author":[{"embeddable":true,"href":"https:\/\/linitiative.ca\/International\/wp-json\/wp\/v2\/users\/1787"}],"replies":[{"embeddable":true,"href":"https:\/\/linitiative.ca\/International\/wp-json\/wp\/v2\/comments?post=58231"}],"version-history":[{"count":0,"href":"https:\/\/linitiative.ca\/International\/wp-json\/wp\/v2\/posts\/58231\/revisions"}],"wp:attachment":[{"href":"https:\/\/linitiative.ca\/International\/wp-json\/wp\/v2\/media?parent=58231"}],"wp:term":[{"taxonomy":"category","embeddable":true,"href":"https:\/\/linitiative.ca\/International\/wp-json\/wp\/v2\/categories?post=58231"},{"taxonomy":"post_tag","embeddable":true,"href":"https:\/\/linitiative.ca\/International\/wp-json\/wp\/v2\/tags?post=58231"}],"curies":[{"name":"wp","href":"https:\/\/api.w.org\/{rel}","templated":true}]}}