{"id":58243,"date":"2019-08-16T06:39:23","date_gmt":"2019-08-16T10:39:23","guid":{"rendered":"https:\/\/linitiative.ca\/International\/tour-international-du-faso-2019\/"},"modified":"2019-08-16T06:39:23","modified_gmt":"2019-08-16T10:39:23","slug":"tour-international-du-faso-2019","status":"publish","type":"post","link":"https:\/\/linitiative.ca\/International\/tour-international-du-faso-2019\/","title":{"rendered":"Tour international du Faso 2019"},"content":{"rendered":"<div class=\"td-post-featured-image\"><a href=\"https:\/\/i1.wp.com\/www.sidwaya.info\/wp-content\/uploads\/2019\/08\/sport02.gif?fit=787%2C590&#038;ssl=1\" data-caption=\"\"><img loading=\"lazy\" decoding=\"async\" width=\"696\" height=\"522\" class=\"entry-thumb td-modal-image\" src=\"https:\/\/i1.wp.com\/www.sidwaya.info\/wp-content\/uploads\/2019\/08\/sport02.gif?resize=696%2C522&#038;ssl=1\" alt=\"\" title=\"sport02\"\/><\/a><\/div>\n<p><strong>Le circuit du 32e Tour international du Faso est d\u00e9sormais connu. Il a \u00e9t\u00e9 d\u00e9voil\u00e9, le mercredi 14 ao\u00fbt 2019, par le Comit\u00e9 national d\u2019organisation (CNO) au cours d\u2019une conf\u00e9rence de presse \u00e0 Ouagadougou.<\/strong><\/p>\n<p>Le 32e Tour international du Faso ou encore \u00e9dition centenaire de l\u2019ind\u00e9pendance du Burkina Faso se d\u00e9roulera du 25 octobre au 3 novembre 2019 en 10 \u00e9tapes. Le circuit a \u00e9t\u00e9 d\u00e9voil\u00e9 le mercredi 14 ao\u00fbt 2019 \u00e0\u00a0Ouagadougou par le Comit\u00e9 national d\u2019organisation (CNO) au cours d\u2019une conf\u00e9rence de presse. Apr\u00e8s l\u2019excursion au Ghana avec l\u2019\u00e9tape de Bolgatanga \u00e0 l\u2019\u00e9dition pr\u00e9c\u00e9dente, celle de 2019 mettra le cap sur le Togo avec l\u2019\u00e9tape de Dapaong. Aussi, la course contre la montre par \u00e9quipe introduite au 31e Tour sera au rendez-vous d\u00e8s la 1re \u00e9tape \u00e0 Ouagadougou. Pour le pr\u00e9sident du comit\u00e9 national d\u2019organisation, le commandant Yasn\u00e9man\u00e9gr\u00e9 Sawadogo, la course contre la montre sera en direct, en d\u00e9but d\u2019\u00e9preuve, avec pour avantage d\u2019annoncer les couleurs dans la ville de Ouagadougou, avant de s\u2019\u00e9branler vers l\u2019int\u00e9rieur du pays.\u00a0Il s\u2019agit \u00e9galement, a-t-il poursuivi, d\u2019offrir une visibilit\u00e9 suppl\u00e9mentaire aux sponsors. Autre innovation \u00e0 ce 32e Tour du Faso, est que la traditionnelle pr\u00e9sentation des \u00e9quipes qui avait lieu la veille du d\u00e9part, se tiendra cette ann\u00e9e lors de la 1re \u00e9tape pendant l\u2019\u00e9preuve de la course contre la montre par \u00e9quipe et ce, avant le d\u00e9part de chaque \u00e9quipe. L\u2019\u00e9dition centenaire enregistre trois nouveaux circuits. Ce sont Tenkodogo-Dapaong (Togo), Bittou-Koup\u00e8la et Bobo-Dioulasso-Sindou. Mais pourquoi le Tour ne repart plus \u00e0 Bolgatanga comme \u00e0 l\u2019\u00e9dition pr\u00e9c\u00e9dente\u00a0? A cette question des journalistes, le superviseur adjoint, Zinguim Hermann Yabr\u00e9, r\u00e9pond: \u00abLe Tour est all\u00e9 \u00e0 Bolgatanga \u00e0 l\u2019\u00e9dition derni\u00e8re parce que le Ghana est voisin \u00e0 la r\u00e9gion du Centre-Sud o\u00f9 ont \u00e9t\u00e9 c\u00e9l\u00e9br\u00e9es les festivit\u00e9s du 11-D\u00e9cembre. Cette ann\u00e9e, c\u2019est la r\u00e9gion du Centre-Est qui est \u00e0 l\u2019honneur, raison pour laquelle il ira \u00e0 Dapaong, r\u00e9gion voisine au Togo. Progressivement nous allons int\u00e9resser tous les pays voisins\u00bb. En dehors du circuit, le CNO a tenu \u00e0 rendre un hommage appuy\u00e9 aux sponsors et partenaires qui se bousculent d\u00e9j\u00e0 aux portes. \u00abVous pouvez \u00eatre fiers de votre contribution au rayonnement international de notre cher Faso. A ceux qui h\u00e9sitent toujours, nous lan\u00e7ons un vibrant appel pour accompagner ce Tour ambitieux qui fait notre fiert\u00e9 et qui constitue une v\u00e9ritable vitrine pour votre promotion\u00bb, a lanc\u00e9 le commandant Yasn\u00e9man\u00e9gr\u00e9 Sawadogo.<br \/>Le 32e Tour international du Faso traversera dix (10) r\u00e9gions et un pays de la CEDEAO. Il aura une distance de 1205km. Celle de transbordement est de 1058km soit une distance totale de 2263km.<\/p>\n<p>Ollo Aim\u00e9 C\u00e9saire HIEN<\/p>\n<div class=\"td-a-rec td-a-rec-id-content_bottom td_uid_30_5d5723aba2c20_rand td_block_template_1\"><img loading=\"lazy\" decoding=\"async\" class=\"aligncenter size-full wp-image-9623\" src=\"https:\/\/www.sidwaya.info\/wp-content\/uploads\/2019\/06\/Projet-bannie%CC%80re-Orange-mobile.jpg\" alt=\"\" width=\"728\" height=\"81\"\/><\/div>\n<p>Auteur: BM. Sidwaya<br \/>\n<a href=\"https:\/\/www.sidwaya.info\/blog\/2019\/08\/16\/tour-international-du-faso-2019\/\">Cliquez ici pour lire l&rsquo;article depuis sa source.<\/a><\/p>\n","protected":false},"excerpt":{"rendered":"<p>Le circuit du 32e Tour international du Faso est d\u00e9sormais connu. Il a \u00e9t\u00e9 d\u00e9voil\u00e9, le mercredi 14 ao\u00fbt 2019, par le Comit\u00e9 national d\u2019organisation (CNO) au cours d\u2019une conf\u00e9rence de presse \u00e0 Ouagadougou. Le 32e Tour international du Faso ou encore \u00e9dition centenaire de l\u2019ind\u00e9pendance du Burkina Faso se d\u00e9roulera du 25 octobre au [&hellip;]<\/p>\n","protected":false},"author":1816,"featured_media":0,"comment_status":"closed","ping_status":"closed","sticky":false,"template":"","format":"standard","meta":{"fifu_image_url":"","fifu_image_alt":"","footnotes":""},"categories":[73,81],"tags":[],"class_list":["post-58243","post","type-post","status-publish","format-standard","hentry","category-actualite","category-burkina-faso"],"_links":{"self":[{"href":"https:\/\/linitiative.ca\/International\/wp-json\/wp\/v2\/posts\/58243","targetHints":{"allow":["GET"]}}],"collection":[{"href":"https:\/\/linitiative.ca\/International\/wp-json\/wp\/v2\/posts"}],"about":[{"href":"https:\/\/linitiative.ca\/International\/wp-json\/wp\/v2\/types\/post"}],"author":[{"embeddable":true,"href":"https:\/\/linitiative.ca\/International\/wp-json\/wp\/v2\/users\/1816"}],"replies":[{"embeddable":true,"href":"https:\/\/linitiative.ca\/International\/wp-json\/wp\/v2\/comments?post=58243"}],"version-history":[{"count":0,"href":"https:\/\/linitiative.ca\/International\/wp-json\/wp\/v2\/posts\/58243\/revisions"}],"wp:attachment":[{"href":"https:\/\/linitiative.ca\/International\/wp-json\/wp\/v2\/media?parent=58243"}],"wp:term":[{"taxonomy":"category","embeddable":true,"href":"https:\/\/linitiative.ca\/International\/wp-json\/wp\/v2\/categories?post=58243"},{"taxonomy":"post_tag","embeddable":true,"href":"https:\/\/linitiative.ca\/International\/wp-json\/wp\/v2\/tags?post=58243"}],"curies":[{"name":"wp","href":"https:\/\/api.w.org\/{rel}","templated":true}]}}