{"id":58244,"date":"2019-08-16T06:43:51","date_gmt":"2019-08-16T10:43:51","guid":{"rendered":"https:\/\/linitiative.ca\/International\/fete-de-lassomption-des-prieres-pour-la-paix-au-burkina\/"},"modified":"2019-08-16T06:43:51","modified_gmt":"2019-08-16T10:43:51","slug":"fete-de-lassomption-des-prieres-pour-la-paix-au-burkina","status":"publish","type":"post","link":"https:\/\/linitiative.ca\/International\/fete-de-lassomption-des-prieres-pour-la-paix-au-burkina\/","title":{"rendered":"F\u00eate de l\u2019Assomption: des pri\u00e8res pour la paix au Burkina"},"content":{"rendered":"<div class=\"td-post-featured-image\"><a href=\"https:\/\/i2.wp.com\/www.sidwaya.info\/wp-content\/uploads\/2019\/08\/assomption.gif?fit=974%2C679&#038;ssl=1\" data-caption=\"\"><img loading=\"lazy\" decoding=\"async\" width=\"696\" height=\"485\" class=\"entry-thumb td-modal-image\" src=\"https:\/\/i2.wp.com\/www.sidwaya.info\/wp-content\/uploads\/2019\/08\/assomption.gif?resize=696%2C485&#038;ssl=1\" alt=\"\" title=\"assomption\"\/><\/a><\/div>\n<p><strong>Les fid\u00e8les chr\u00e9tiens ont c\u00e9l\u00e9br\u00e9, le jeudi 15 ao\u00fbt 2019, au sanctuaire Notre-Dame de Yagma, \u00e0 la sortie Nord de Ouagadougou, la f\u00eate de l\u2019Assomption. Au cours de cette c\u00e9l\u00e9bration eucharistique, les membres de l\u2019Eglise-Famille de Dieu ont pri\u00e9 pour la paix au Burkina.<\/strong><\/p>\n<p>Les fid\u00e8les chr\u00e9tiens se sont massivement mobilis\u00e9s pour prendre d\u2019assaut la voie menant \u00e0 Yagma, hier jeudi 15 ao\u00fbt 2019. La raison, prendre part \u00e0 la c\u00e9l\u00e9bration de l\u2019Assomption au sanctuaire marial de Yagma, situ\u00e9 \u00e0 la sortie Nord de Ouagadougou. Sur les lieux, un impressionnant dispositif s\u00e9curitaire se faisait voir, et tous devraient pass\u00e9s au \u00abscanner\u00bb avant d\u2019avoir acc\u00e8s au lieu du culte. Cette ann\u00e9e, la f\u00eate chr\u00e9tienne, qui marque l\u2019\u00e9l\u00e9vation de la Vierge Marie au ciel, a \u00e9t\u00e9 plac\u00e9e sous le th\u00e8me : \u00abLa mis\u00e9ricorde de Dieu s\u2019\u00e9tend d\u2019\u00e2ge en \u00e2ge sur ceux qui le craigne\u00bb. Chants, louanges et procession mariale ont constitu\u00e9 les temps forts de cette eucharistie. Pour Monseigneur M\u00e9dard L\u00e9opold Ou\u00e9draogo, qui a offici\u00e9 la c\u00e9r\u00e9monie, \u00e0 travers cette c\u00e9l\u00e9bration, les chr\u00e9tiens du monde entendent renouveler leur confiance au Seigneur qui prot\u00e8ge et qui garde l\u2019humanit\u00e9. C\u2019est pourquoi, il a demand\u00e9 \u00e0 tous les hommes de cultiver la paix et le pardon, gage d\u2019un d\u00e9veloppement harmonieux. Pour sa part, le Cardinal Philipe Ou\u00e9draogo a indiqu\u00e9 que la th\u00e9matique de la comm\u00e9moration se veut \u00eatre une invite \u00e0 tout chr\u00e9tien d\u2019orienter son regard vers l\u2019horizon ultime du chemin du croyant. Et cet horizon ultime est le paradis que tout homme souhaite. Il a, pour cela, demand\u00e9 \u00e0 Marie de toujours rendre visite aux fid\u00e8les, de passer dans leurs familles, dans les villes, les villages, les paroisses, et d\u2019\u00eatre dans les vies tumultueuses, et de les conduire vers le droit chemin. Sur la question s\u00e9curitaire qui cristallise l\u2019attention de tous, il a indiqu\u00e9 qu\u2019elle est tr\u00e8s pr\u00e9occupante, au regard de ce qui se passe dans d\u2019autres r\u00e9gions du pays. Selon lui, de nombreux Burkinab\u00e8 sont \u00e9prouv\u00e9s \u00e0 la suite des actes de terrorisme. En cons\u00e9quence, il a exhort\u00e9 tous les chr\u00e9tiens de demander dans leurs pri\u00e8res, l\u2019intercession de la Vierge Marie pour l\u2019av\u00e8nement d\u2019une paix durable au Burkina Faso. \u00abLa Vierge Marie interc\u00e8de toujours aupr\u00e8s du P\u00e8re. Priez donc pour la paix et la coh\u00e9sion sociale dans notre pays\u00bb, a-t-il lanc\u00e9. Invitant ses fid\u00e8les \u00e0 un \u00e9lan de solidarit\u00e9 envers les d\u00e9plac\u00e9s, Philippe Ou\u00e9draogo a lanc\u00e9 une qu\u00eate sur place, mais aussi dans les autres paroisses, pour leur venir en aide. une initiative salu\u00e9e, de vive voix, par le Chef du gouvernement, Christophe Joseph Marie Dabir\u00e9, qui a fait le d\u00e9placement du sanctuaire marial pour assister \u00e0 la c\u00e9l\u00e9bration de cette f\u00eate chr\u00e9tienne. Pour lui, c\u2019est une \u00e9vidence de dire que les communaut\u00e9s religieuses apportent une contribution majeure \u00e0 la pacification et \u00e0 la coh\u00e9sion sociale du Burkina. Ainsi, le chef de l\u2019ex\u00e9cutif a saisi l\u2019occasion pour souhaiter que cette pri\u00e8re puisse contribuer \u00e0 la paix et consolider le vivre-ensemble dans le pays. \u00abNous encourageons les communaut\u00e9s religieuses \u00e0 toujours accompagner le gouvernement dans ses efforts de consolidation de la paix\u00bb, a indiqu\u00e9 Christophe Joseph Marie Dabir\u00e9. Il a, du reste, souhait\u00e9 une tr\u00e8s bonne f\u00eate \u00e0 tous les chr\u00e9tiens, venus des quatre coins de l\u2019archidioc\u00e8se de Ouagadougou. Cette c\u00e9l\u00e9bration de la f\u00eate de l\u2019Assomption marque le 24e anniversaire de l\u2019\u00e9l\u00e9vation de la Vierge Marie au ciel, au sanctuaire Notre-Dame de Yagma.<\/p>\n<p>Souma\u00efla<br \/>BONKOUNGOU<\/p>\n<div class=\"td-a-rec td-a-rec-id-content_bottom td_uid_30_5d5723afe2dc8_rand td_block_template_1\"><img loading=\"lazy\" decoding=\"async\" class=\"aligncenter size-full wp-image-9623\" src=\"https:\/\/www.sidwaya.info\/wp-content\/uploads\/2019\/06\/Projet-bannie%CC%80re-Orange-mobile.jpg\" alt=\"\" width=\"728\" height=\"81\"\/><\/div>\n<p>Auteur: BM. Sidwaya<br \/>\n<a href=\"https:\/\/www.sidwaya.info\/blog\/2019\/08\/16\/fete-de-lassomption-des-prieres-pour-la-paix-au-burkina\/\">Cliquez ici pour lire l&rsquo;article depuis sa source.<\/a><\/p>\n","protected":false},"excerpt":{"rendered":"<p>Les fid\u00e8les chr\u00e9tiens ont c\u00e9l\u00e9br\u00e9, le jeudi 15 ao\u00fbt 2019, au sanctuaire Notre-Dame de Yagma, \u00e0 la sortie Nord de Ouagadougou, la f\u00eate de l\u2019Assomption. Au cours de cette c\u00e9l\u00e9bration eucharistique, les membres de l\u2019Eglise-Famille de Dieu ont pri\u00e9 pour la paix au Burkina. Les fid\u00e8les chr\u00e9tiens se sont massivement mobilis\u00e9s pour prendre d\u2019assaut la [&hellip;]<\/p>\n","protected":false},"author":1816,"featured_media":0,"comment_status":"closed","ping_status":"closed","sticky":false,"template":"","format":"standard","meta":{"fifu_image_url":"","fifu_image_alt":"","footnotes":""},"categories":[73,81],"tags":[],"class_list":["post-58244","post","type-post","status-publish","format-standard","hentry","category-actualite","category-burkina-faso"],"_links":{"self":[{"href":"https:\/\/linitiative.ca\/International\/wp-json\/wp\/v2\/posts\/58244","targetHints":{"allow":["GET"]}}],"collection":[{"href":"https:\/\/linitiative.ca\/International\/wp-json\/wp\/v2\/posts"}],"about":[{"href":"https:\/\/linitiative.ca\/International\/wp-json\/wp\/v2\/types\/post"}],"author":[{"embeddable":true,"href":"https:\/\/linitiative.ca\/International\/wp-json\/wp\/v2\/users\/1816"}],"replies":[{"embeddable":true,"href":"https:\/\/linitiative.ca\/International\/wp-json\/wp\/v2\/comments?post=58244"}],"version-history":[{"count":0,"href":"https:\/\/linitiative.ca\/International\/wp-json\/wp\/v2\/posts\/58244\/revisions"}],"wp:attachment":[{"href":"https:\/\/linitiative.ca\/International\/wp-json\/wp\/v2\/media?parent=58244"}],"wp:term":[{"taxonomy":"category","embeddable":true,"href":"https:\/\/linitiative.ca\/International\/wp-json\/wp\/v2\/categories?post=58244"},{"taxonomy":"post_tag","embeddable":true,"href":"https:\/\/linitiative.ca\/International\/wp-json\/wp\/v2\/tags?post=58244"}],"curies":[{"name":"wp","href":"https:\/\/api.w.org\/{rel}","templated":true}]}}