{"id":58269,"date":"2019-08-17T11:46:24","date_gmt":"2019-08-17T15:46:24","guid":{"rendered":"https:\/\/linitiative.ca\/International\/note-de-cadrage-et-plf-2020\/"},"modified":"2019-08-17T11:46:24","modified_gmt":"2019-08-17T15:46:24","slug":"note-de-cadrage-et-plf-2020","status":"publish","type":"post","link":"https:\/\/linitiative.ca\/International\/note-de-cadrage-et-plf-2020\/","title":{"rendered":"Note de cadrage et PLF 2020"},"content":{"rendered":"<p class=\"c3\"><span class=\"c2\"><strong>Red\u00e9finir un nouveau mod\u00e8le de d\u00e9veloppement et r\u00e9duire les disparit\u00e9s sociales et sp\u00e9ciales \u00a0<\/strong><\/span><\/p>\n<p class=\"c5\"><strong><span class=\"c2\">L<\/span><span class=\"c4\">a note de cadre pr\u00e9sent\u00e9e par le chef du gouvernement fixe une s\u00e9rie de mesures prioritaires qui visent le maintien des grands \u00e9quilibres macro\u00e9conomiques et une bonne couverture sociale.<\/span><\/strong><\/p>\n<p class=\"c5\"><span class=\"c6\">Aussi, la pr\u00e9paration du prochain budget qui se fait dans une conjoncture internationale plut\u00f4t morose, retient comme hypoth\u00e8se de base une croissance de 3,7% en 2020, une production c\u00e9r\u00e9ali\u00e8re de 70 millions de quintaux et un prix du gaz butane \u00e0 350 dollars la tonne. Le Projet de loi des finances (PLF) 2020 vise \u00e9galement la poursuite de la dynamique des secteurs non agricoles et la hausse de la valeur ajout\u00e9e de ces secteurs \u00e0 3,6% l\u2019ann\u00e9e prochaine contre 3,3% en 2019 et 2,6% en 2018.<\/span><\/p>\n<p class=\"c5\">La pr\u00e9paration du PLF 2020 s\u2019inscrit dans une logique de poursuite de la r\u00e9alisation des chantiers urgents, notamment ceux qui visent \u00e0 r\u00e9pondre favorablement aux attentes des citoyens et \u00e0 red\u00e9finir un nouveau mod\u00e8le de d\u00e9veloppement \u00e9conomique et social qui garantit une meilleure \u00e9quit\u00e9 sociale et une baisse des disparit\u00e9s sociales et sp\u00e9ciales.<\/p>\n<p class=\"c5\">Dans sa note de cadrage, El Othmani rappelle la n\u00e9cessit\u00e9 d\u2019activer les engagements du dialogue social dont le co\u00fbt s\u2019\u00e9l\u00e8ve \u00e0 5,3 milliards de dirhams en 2019, 6 milliards de dirhams en 2020 et 2,9 milliards de dirhams en 2021, soit un co\u00fbt annuel pour l\u2019Etat de 14,2\u00a0 milliards de dirhams l\u2019\u00e9quivalent de 1% du PIB. Le co\u00fbt de la compensation, quant \u00e0 lui, s\u2019\u00e9l\u00e8ve \u00e0 13,6%\u00a0 l\u2019ann\u00e9e prochaine, indique la note de cadrage. Une assurance contre la hausse des cours des mati\u00e8res premi\u00e8res sera mise en place \u00e0 compter de 2020. \u00a0La mise en place de la r\u00e9gionalisation avanc\u00e9e n\u00e9cessite une enveloppe budg\u00e9taire de 9,6 milliards de dirhams en 2020 contre 8,5 milliards de dirhams en 2019. Ce budget est pomp\u00e9 \u00e0 hauteur de 5% des recettes de l\u2019IS et du m\u00eame taux de celui de l\u2019IR. Le pr\u00e9l\u00e8vement sur la taxe sur les contrats d\u2019assurance s\u2019\u00e9l\u00e8ve \u00e0 20% et 3,7% du budget de l\u2019Etat.<\/p>\n<p class=\"c5\">Le PLF 2020\u00a0 fixe d\u2019autres priorit\u00e9s dont la promotion des investissements et l\u2019encouragement de l\u2019initiative priv\u00e9e et le soutien des PME\/PMI. La redistribution \u00e9quilibr\u00e9e des ressources figure aussi parmi les priorit\u00e9s du gouvernement pour l\u2019ann\u00e9e 20202. Elle vise aussi la poursuite des r\u00e9formes strat\u00e9giques et sectorielles\u00a0: la justice, la sant\u00e9, l\u2019enseignement, l\u2019habitat, l\u2019efficacit\u00e9 \u00e9nerg\u00e9tique, politique publique, la\u00a0 r\u00e9forme de l\u2019administration publique et la bonne gouvernance des projets d\u2019investissements, le tourisme, l\u2019agriculture, la p\u00eache, le d\u00e9veloppement durable, la modernisation des ports\u2026.<\/p>\n<p class=\"c5\">La pr\u00e9paration du PLF 2020 s\u2019inscrit dans une logique de poursuite de la r\u00e9alisation des chantiers urgents, notamment ceux qui visent \u00e0 r\u00e9pondre favorablement aux attentes des citoyens et \u00e0 red\u00e9finir un nouveau mod\u00e8le de d\u00e9veloppement \u00e9conomique et social qui garantit une meilleure \u00e9quit\u00e9 sociale et une baisse des disparit\u00e9s sociales et sp\u00e9ciales. Les instructions donn\u00e9es dans le dernier discours royal \u00e0 l\u2019occasion de la f\u00eate du tr\u00f4ne constituent la feuille de route du prochain projet de loi des finances. Idem pour la mise en place de nouvelles g\u00e9n\u00e9rations de planification sectorielle, de l\u2019am\u00e9lioration du service public et de l\u2019acc\u00e8s au soin de sant\u00e9.<\/p>\n<p class=\"c5\">Le\u00a0regain de confiance et la consolidation des acquis figurent \u00e9galement parmi les priorit\u00e9s de la lettre de cadrage du gouvernement. Tout comme le lancement de nouvelles g\u00e9n\u00e9rations d\u2019investissements productifs et la cr\u00e9ation de nouveaux postes d\u2019emplois. Le maintien du dynamisme des activit\u00e9s secondaires pour compenser la baisse de la valeur ajout\u00e9e agricole est un objectif qui va de pair avec l\u2019am\u00e9lioration des conditions de financement de l\u2019\u00e9conomie et la pr\u00e9servation des \u00e9quilibres macro\u00e9conomiques et la stabilit\u00e9 du taux d\u2019inflation qui s\u2019\u00e9tablit \u00e0 0,1% au 1<sup>er<\/sup> semestre 2019.<\/p>\n<p class=\"c5\">Les d\u00e9partements minist\u00e9riels sont aujourd\u2019hui invit\u00e9s \u00e0 d\u00e9finir leurs budgets et doivent en m\u00eame temps tenir compte des contraintes budg\u00e9taires que leur a fix\u00e9es le chef du gouvernement. La maitrise des d\u00e9penses publiques et la rationalisation de la gestion des ressources de l\u2019Etat sont d\u00e9sormais une contrainte majeure qui doit \u00eatre s\u00e9rieusement prise en compte.<\/p>\n<p class=\"c7\"><strong>Fairouz El Mouden<\/strong><\/p>\n<p>Auteur: M&rsquo;hammed rahal<br \/>\n<a href=\"http:\/\/albayane.press.ma\/note-de-cadrage-et-plf-2020.html\">Cliquez ici pour lire l&rsquo;article depuis sa source.<\/a><\/p>\n","protected":false},"excerpt":{"rendered":"<p>Red\u00e9finir un nouveau mod\u00e8le de d\u00e9veloppement et r\u00e9duire les disparit\u00e9s sociales et sp\u00e9ciales \u00a0 La note de cadre pr\u00e9sent\u00e9e par le chef du gouvernement fixe une s\u00e9rie de mesures prioritaires qui visent le maintien des grands \u00e9quilibres macro\u00e9conomiques et une bonne couverture sociale. Aussi, la pr\u00e9paration du prochain budget qui se fait dans une conjoncture [&hellip;]<\/p>\n","protected":false},"author":1760,"featured_media":0,"comment_status":"closed","ping_status":"closed","sticky":false,"template":"","format":"standard","meta":{"fifu_image_url":"","fifu_image_alt":"","footnotes":""},"categories":[73,54],"tags":[],"class_list":["post-58269","post","type-post","status-publish","format-standard","hentry","category-actualite","category-maroc"],"_links":{"self":[{"href":"https:\/\/linitiative.ca\/International\/wp-json\/wp\/v2\/posts\/58269","targetHints":{"allow":["GET"]}}],"collection":[{"href":"https:\/\/linitiative.ca\/International\/wp-json\/wp\/v2\/posts"}],"about":[{"href":"https:\/\/linitiative.ca\/International\/wp-json\/wp\/v2\/types\/post"}],"author":[{"embeddable":true,"href":"https:\/\/linitiative.ca\/International\/wp-json\/wp\/v2\/users\/1760"}],"replies":[{"embeddable":true,"href":"https:\/\/linitiative.ca\/International\/wp-json\/wp\/v2\/comments?post=58269"}],"version-history":[{"count":0,"href":"https:\/\/linitiative.ca\/International\/wp-json\/wp\/v2\/posts\/58269\/revisions"}],"wp:attachment":[{"href":"https:\/\/linitiative.ca\/International\/wp-json\/wp\/v2\/media?parent=58269"}],"wp:term":[{"taxonomy":"category","embeddable":true,"href":"https:\/\/linitiative.ca\/International\/wp-json\/wp\/v2\/categories?post=58269"},{"taxonomy":"post_tag","embeddable":true,"href":"https:\/\/linitiative.ca\/International\/wp-json\/wp\/v2\/tags?post=58269"}],"curies":[{"name":"wp","href":"https:\/\/api.w.org\/{rel}","templated":true}]}}