{"id":58270,"date":"2019-08-17T11:47:10","date_gmt":"2019-08-17T15:47:10","guid":{"rendered":"https:\/\/linitiative.ca\/International\/sm-le-roi-amir-al-mouminine-accomplit-la-priere-de-laid-al-adha-a-la-mosquee-hassan-ii-a-tetouan-et-recoit-les-voeux\/"},"modified":"2019-08-17T11:47:10","modified_gmt":"2019-08-17T15:47:10","slug":"sm-le-roi-amir-al-mouminine-accomplit-la-priere-de-laid-al-adha-a-la-mosquee-hassan-ii-a-tetouan-et-recoit-les-voeux","status":"publish","type":"post","link":"https:\/\/linitiative.ca\/International\/sm-le-roi-amir-al-mouminine-accomplit-la-priere-de-laid-al-adha-a-la-mosquee-hassan-ii-a-tetouan-et-recoit-les-voeux\/","title":{"rendered":"SM le Roi, Amir Al-Mouminine, accomplit la pri\u00e8re de l\u2019A\u00efd Al-Adha \u00e0 la mosqu\u00e9e Hassan II \u00e0 T\u00e9touan et re\u00e7oit les v\u0153ux"},"content":{"rendered":"<p class=\"c4\"><span class=\"c3\"><strong><span class=\"c2\">Sa Majest\u00e9 le Roi Mohammed VI,<\/span> Amir Al-Mouminine, accompagn\u00e9 de SAR le Prince H\u00e9ritier Moulay El Hassan, de SAR le Prince Moulay Rachid et de SA le Prince Moulay Isma\u00efl, a accompli lundi la pri\u00e8re de l\u2019A\u00efd Al-Adha \u00e0 la mosqu\u00e9e Hassan II \u00e0 T\u00e9touan.<\/strong><\/span><\/p>\n<p class=\"c4\">De nombreux citoyens se sont mass\u00e9s tout au long de l\u2019itin\u00e9raire emprunt\u00e9 par le cort\u00e8ge royal, de la Place du Mechouar du Palais Royal de T\u00e9touan \u00e0 la Mosqu\u00e9e Hassan II, pour partager avec SM le Roi, Amir Al-Mouminine, la joie de ce jour b\u00e9ni et souhaiter au Souverain bonne f\u00eate et longue vie.<\/p>\n<p class=\"c4\">A Son arriv\u00e9e \u00e0 la mosqu\u00e9e, le Souverain a pass\u00e9 en revue un d\u00e9tachement de la Garde Royale qui rendait les honneurs.<\/p>\n<p class=\"c4\">Apr\u00e8s la pri\u00e8re de l\u2019A\u00efd, l\u2019Imam a soulign\u00e9 dans son pr\u00eache les significations profondes de l\u2019A\u00efd Al Adha qui couronne les dix premiers jours de Dou Al Hijja durant lesquels les musulmans raffermissent leur foi en Dieu et Lui rendre gr\u00e2ce pour les nombreux bienfaits dont Ils les a gratifi\u00e9s.<\/p>\n<p class=\"c4\">Cette f\u00eate est une occasion, a ajout\u00e9 l\u2019Imam, pour les parents d\u2019apprendre \u00e0 leurs enfants les significations religieuses et sociales de ce jour b\u00e9ni, symbole du sacrifice, notant que l\u2019A\u00efd Al Adha rappelle les enseignements de l\u2019histoire de Sidna Ibrahim, Pri\u00e8res et Salut sur Lui, avec son fils Isma\u00efl, qui mettent en exergue la soumission totale au Cr\u00e9ateur.<\/p>\n<p class=\"c4\">L\u2019Imam a conclu en implorant Le Tout Puissant de pr\u00e9server SM le Roi, Amir Al-Mouminine, de couronner de succ\u00e8s Ses actions pour le bien de Son peuple fid\u00e8le et de Le combler en les personnes de SAR le Prince H\u00e9ritier Moulay El Hassan, de SAR le Prince Moulay Rachid et de l\u2019ensemble des membres de l\u2019Illustre Famille Royale.<\/p>\n<p class=\"c4\">Il a, \u00e9galement, \u00e9lev\u00e9 des pri\u00e8res pour le repos de l\u2019\u00e2me des regrett\u00e9s Souverains, feu SM le Roi Mohammed V et feu SM le Roi Hassan II, que Dieu les accueille en Sa Sainte Mis\u00e9ricorde.<\/p>\n<p class=\"c4\">SM le Roi, Amir Al-Mouminine, a ensuite \u00e9t\u00e9 salu\u00e9 par les chefs des missions diplomatiques islamiques accr\u00e9dit\u00e9es au Maroc qui ont pr\u00e9sent\u00e9 au Souverain leurs f\u00e9licitations et leurs meilleurs v\u0153ux.<\/p>\n<p class=\"c4\">Par la suite, SM le Roi a proc\u00e9d\u00e9 au rituel du sacrifice, suivant en cela la tradition du Proph\u00e8te Sidna Mohammed, que la paix et la b\u00e9n\u00e9diction soient sur Lui. L\u2019Imam de la mosqu\u00e9e a, ensuite, proc\u00e9d\u00e9 \u00e0 l\u2019immolation du deuxi\u00e8me mouton.<\/p>\n<p class=\"c4\">A l\u2019issue de cette c\u00e9r\u00e9monie, SM le Roi a regagn\u00e9 le Palais Royal alors que des coups de canon retentissaient en signe de joie \u00e0 l\u2019occasion de l\u2019av\u00e8nement de ce jour de f\u00eate.<\/p>\n<p class=\"c4\">Au Palais Royal, SM le Roi, Amir Al-Mouminine, a re\u00e7u les v\u0153ux de SAR le Prince H\u00e9ritier Moulay El Hassan, de SAR le Prince Moulay Rachid et de SA le Prince Moulay Isma\u00efl.<\/p>\n<p class=\"c4\">SM le Roi a \u00e9galement re\u00e7u les v\u0153ux du Chef du gouvernement, des pr\u00e9sidents des deux Chambres du Parlement, des Conseillers du Souverain, des membres du gouvernement, des Hauts commissaires, des pr\u00e9sidents des instances constitutionnelles, des directeurs des cabinets royaux, des beaux-fr\u00e8res du Souverain, des officiers sup\u00e9rieurs de l\u2019\u00e9tat-major g\u00e9n\u00e9ral des Forces Arm\u00e9es Royales et de plusieurs hautes personnalit\u00e9s civiles et militaires.<\/p>\n<p class=\"c5\"><span class=\"c2\"><strong>Gr\u00e2ce Royale au profit de 350 personnes<\/strong><\/span><\/p>\n<p class=\"c4\"><span class=\"c6\"><span class=\"c2\">SM le Roi Mohammed VI<\/span> a accord\u00e9 sa gr\u00e2ce, \u00e0 l\u2019occasion de Aid Al-Adha, \u00e0 350 personnes, dont certaines sont en d\u00e9tention et d\u2019autres en libert\u00e9, condamn\u00e9es par diff\u00e9rents tribunaux du Royaume, indique un communiqu\u00e9 du minist\u00e8re de la Justice.<\/span><\/p>\n<p class=\"c4\"><strong>Voici le texte du communiqu\u00e9 :<\/strong><\/p>\n<p class=\"c4\"><span class=\"c7\"><strong>\u201cA l\u2019occasion de l\u2019A\u00efd Al-Adha, de cette ann\u00e9e 1440 H \u2013 2019 G, Sa Majest\u00e9 le Roi Mohammed VI, que Dieu perp\u00e9tue Sa gloire, a bien voulu accorder Sa gr\u00e2ce \u00e0 un ensemble de personnes condamn\u00e9es par diff\u00e9rents tribunaux du Royaume. Ces personnes sont au nombre de 350 et se pr\u00e9sentent comme suit:<\/strong><\/span><\/p>\n<p class=\"c4\"><strong>* Les b\u00e9n\u00e9ficiaires de la Gr\u00e2ce royale qui sont en d\u00e9tention sont au nombre de 315 d\u00e9tenus se r\u00e9partissant comme suit:<\/strong><\/p>\n<p class=\"c4\">\u2013 Remise de la peine d\u2019emprisonnement ou de r\u00e9clusion au profit de 315 d\u00e9tenus.<\/p>\n<p class=\"c4\"><strong>* Les b\u00e9n\u00e9ficiaires de la Gr\u00e2ce royale qui sont en libert\u00e9 sont au nombre de 35 personnes se r\u00e9partissant comme suit:<\/strong><\/p>\n<p class=\"c4\">\u2013 Gr\u00e2ce sur la peine d\u2019emprisonnement ou son reliquat au profit de 16 personnes.<\/p>\n<p class=\"c4\">\u2013 Gr\u00e2ce sur les peines d\u2019emprisonnement et d\u2019amende au profit d\u2019une personne.<\/p>\n<p class=\"c4\">\u2013 Gr\u00e2ce sur la peine d\u2019amende au profit de 18 personnes.<\/p>\n<p class=\"c4\">Puisse Dieu garder Sa Majest\u00e9 le Roi, source de cl\u00e9mence et de mis\u00e9ricorde, perp\u00e9tuer Sa gloire et pr\u00e9server son Altesse Royale le Prince H\u00e9ritier Moulay El Hassan ainsi que tous les membres de la famille Royale\u201d.<\/p>\n<p>Auteur: M&rsquo;hammed rahal<br \/>\n<a href=\"http:\/\/albayane.press.ma\/sm-le-roi-amir-al-mouminine-accomplit-la-priere-de-laid-al-adha-a-la-mosquee-hassan-ii-a-tetouan-et-recoit-les-voeux.html\">Cliquez ici pour lire l&rsquo;article depuis sa source.<\/a><\/p>\n","protected":false},"excerpt":{"rendered":"<p>Sa Majest\u00e9 le Roi Mohammed VI, Amir Al-Mouminine, accompagn\u00e9 de SAR le Prince H\u00e9ritier Moulay El Hassan, de SAR le Prince Moulay Rachid et de SA le Prince Moulay Isma\u00efl, a accompli lundi la pri\u00e8re de l\u2019A\u00efd Al-Adha \u00e0 la mosqu\u00e9e Hassan II \u00e0 T\u00e9touan. De nombreux citoyens se sont mass\u00e9s tout au long de [&hellip;]<\/p>\n","protected":false},"author":1760,"featured_media":0,"comment_status":"closed","ping_status":"closed","sticky":false,"template":"","format":"standard","meta":{"fifu_image_url":"","fifu_image_alt":"","footnotes":""},"categories":[73,54],"tags":[],"class_list":["post-58270","post","type-post","status-publish","format-standard","hentry","category-actualite","category-maroc"],"_links":{"self":[{"href":"https:\/\/linitiative.ca\/International\/wp-json\/wp\/v2\/posts\/58270","targetHints":{"allow":["GET"]}}],"collection":[{"href":"https:\/\/linitiative.ca\/International\/wp-json\/wp\/v2\/posts"}],"about":[{"href":"https:\/\/linitiative.ca\/International\/wp-json\/wp\/v2\/types\/post"}],"author":[{"embeddable":true,"href":"https:\/\/linitiative.ca\/International\/wp-json\/wp\/v2\/users\/1760"}],"replies":[{"embeddable":true,"href":"https:\/\/linitiative.ca\/International\/wp-json\/wp\/v2\/comments?post=58270"}],"version-history":[{"count":0,"href":"https:\/\/linitiative.ca\/International\/wp-json\/wp\/v2\/posts\/58270\/revisions"}],"wp:attachment":[{"href":"https:\/\/linitiative.ca\/International\/wp-json\/wp\/v2\/media?parent=58270"}],"wp:term":[{"taxonomy":"category","embeddable":true,"href":"https:\/\/linitiative.ca\/International\/wp-json\/wp\/v2\/categories?post=58270"},{"taxonomy":"post_tag","embeddable":true,"href":"https:\/\/linitiative.ca\/International\/wp-json\/wp\/v2\/tags?post=58270"}],"curies":[{"name":"wp","href":"https:\/\/api.w.org\/{rel}","templated":true}]}}