{"id":58271,"date":"2019-08-17T11:48:02","date_gmt":"2019-08-17T15:48:02","guid":{"rendered":"https:\/\/linitiative.ca\/International\/la-republique-bananiere\/"},"modified":"2019-08-17T11:48:02","modified_gmt":"2019-08-17T15:48:02","slug":"la-republique-bananiere","status":"publish","type":"post","link":"https:\/\/linitiative.ca\/International\/la-republique-bananiere\/","title":{"rendered":"La r\u00e9publique banani\u00e8re!"},"content":{"rendered":"<p class=\"c4\"><strong><span class=\"c3\"><span class=\"c2\">A<\/span>u moment o\u00f9 l\u2019appel royal \u00e0 la comp\u00e9tence et au respect des institutions du r\u00e9cent discours du tr\u00f4ne ne cesse de r\u00e9sonner pour faire raisonner les plus born\u00e9s des affaires publiques, il semble bien que la pr\u00e9sidence du conseil r\u00e9gional de Draa Tafilalet soit encore compl\u00e8tement d\u00e9connect\u00e9e de ses sursauts salutaires.<\/span><\/strong><\/p>\n<p class=\"c4\">En fait, on ne saurait jamais comprendre ce laxisme b\u00e9at dont elle jouit ind\u00e9finiment, malgr\u00e9 ses bavures interminables, perp\u00e9tr\u00e9es \u00e0 la pelle, au cours d\u2019un mandat mouvement\u00e9 \u00e0 outrance. Qui a int\u00e9r\u00eat \u00e0 tol\u00e9rer ses grabuges, \u00e0 faire agenouiller un dromadaire? Comment peut-on fermer l\u2019\u0153il face \u00e0 ses b\u00e9vues r\u00e9dhibitoires, sans la moindre riposte de la part des instances r\u00e9pressives?<\/p>\n<p class=\"c4\">Il ne ferait donc pas de doute que la situation de cette r\u00e9gion est unique en son genre\u00a0! Non pas parce que la pr\u00e9sidence se montre d\u00e9lib\u00e9r\u00e9ment capricieuse, obstin\u00e9e et arrogante, mais surtout par le mutisme \u00e9tonnamment bizarro\u00efde dont fait montre la tutelle centrale.<\/p>\n<p class=\"c4\">Ce silence surprenant continue \u00e0 s\u00e9vir, en d\u00e9pit des multiples cris aigus d\u2019indignation aussi bien de la majeure partie des \u00e9lus que la population des cinq provinces de la r\u00e9gion.<\/p>\n<p class=\"c4\">Nul n\u2019a \u00e9chapp\u00e9 \u00e0 ses exc\u00e8s de z\u00e8le, ni m\u00eame la tutelle r\u00e9gionale dont certaines des attributions sont \u00e9clabouss\u00e9es. En effet, durant les sessions du conseil, on a tendance \u00e0 attiser les tensions au point de les transformer en de r\u00e9elles ar\u00e8nes d\u2019affronts tumultueux. Faute de synergie et de concorde entre les diff\u00e9rentes constituantes de la r\u00e9gion, la pr\u00e9sidence et ses acolytes s\u2019accaparent les d\u00e9cisions souvent maladroites, \u00e0 l\u2019encontre des int\u00e9r\u00eats supr\u00eames des citoyens.<\/p>\n<p class=\"c4\">A force de faire le vide autour d\u2019elle, la pr\u00e9sidence perd sa majorit\u00e9 et donne naissance \u00e0 un autre camp dont l\u2019effectif devance progressivement le sien. C\u2019est dire que la col\u00e8re des contestataires ne fait que monter d\u2019un cran, au grand dam de la r\u00e9gion et de ses habitants, \u00e0 la recherche d\u2019une institution coh\u00e9rente et solidaire, susceptible de relever leur cadre d\u2019existence et d\u2019am\u00e9liorer leurs conditions de vie.<\/p>\n<p class=\"c4\">A voir ce cas sans pr\u00e9c\u00e9dent de la gestion r\u00e9gionale, on se croirait en pr\u00e9sence d\u2019une r\u00e9publique banani\u00e8re o\u00f9 la chefferie est absolue\u00a0! Elle s\u2019en prend aux conseillers, aux tuteurs, mais aussi aux chefs de service qu\u2019il n\u2019h\u00e9site gu\u00e8re \u00e0 les limoger quand bon lui semble, sans aucun fond l\u00e9gal. Pire encore, elle n\u2019arr\u00eate pas de dilapider les deniers publics, de transgresseur les proc\u00e9dures et les lois en vigueur, de d\u00e9biter des r\u00e9solutions \u00e0 sens unique, sans passer par le conseil, de provoquer des zizanies entre associations\u2026Bref, on ne peut s\u2019\u00e9vertuer, encore une fois, \u00e0 d\u00e9voiler tous ses errements, on en finira jamais!<\/p>\n<p>Auteur: M&rsquo;hammed rahal<br \/>\n<a href=\"http:\/\/albayane.press.ma\/la-republique-bananiere.html\">Cliquez ici pour lire l&rsquo;article depuis sa source.<\/a><\/p>\n","protected":false},"excerpt":{"rendered":"<p>Au moment o\u00f9 l\u2019appel royal \u00e0 la comp\u00e9tence et au respect des institutions du r\u00e9cent discours du tr\u00f4ne ne cesse de r\u00e9sonner pour faire raisonner les plus born\u00e9s des affaires publiques, il semble bien que la pr\u00e9sidence du conseil r\u00e9gional de Draa Tafilalet soit encore compl\u00e8tement d\u00e9connect\u00e9e de ses sursauts salutaires. En fait, on ne [&hellip;]<\/p>\n","protected":false},"author":1760,"featured_media":0,"comment_status":"closed","ping_status":"closed","sticky":false,"template":"","format":"standard","meta":{"fifu_image_url":"","fifu_image_alt":"","footnotes":""},"categories":[73,54],"tags":[],"class_list":["post-58271","post","type-post","status-publish","format-standard","hentry","category-actualite","category-maroc"],"_links":{"self":[{"href":"https:\/\/linitiative.ca\/International\/wp-json\/wp\/v2\/posts\/58271","targetHints":{"allow":["GET"]}}],"collection":[{"href":"https:\/\/linitiative.ca\/International\/wp-json\/wp\/v2\/posts"}],"about":[{"href":"https:\/\/linitiative.ca\/International\/wp-json\/wp\/v2\/types\/post"}],"author":[{"embeddable":true,"href":"https:\/\/linitiative.ca\/International\/wp-json\/wp\/v2\/users\/1760"}],"replies":[{"embeddable":true,"href":"https:\/\/linitiative.ca\/International\/wp-json\/wp\/v2\/comments?post=58271"}],"version-history":[{"count":0,"href":"https:\/\/linitiative.ca\/International\/wp-json\/wp\/v2\/posts\/58271\/revisions"}],"wp:attachment":[{"href":"https:\/\/linitiative.ca\/International\/wp-json\/wp\/v2\/media?parent=58271"}],"wp:term":[{"taxonomy":"category","embeddable":true,"href":"https:\/\/linitiative.ca\/International\/wp-json\/wp\/v2\/categories?post=58271"},{"taxonomy":"post_tag","embeddable":true,"href":"https:\/\/linitiative.ca\/International\/wp-json\/wp\/v2\/tags?post=58271"}],"curies":[{"name":"wp","href":"https:\/\/api.w.org\/{rel}","templated":true}]}}