{"id":58272,"date":"2019-08-17T11:49:03","date_gmt":"2019-08-17T15:49:03","guid":{"rendered":"https:\/\/linitiative.ca\/International\/ali-yata-il-y-a-22-ans-deja\/"},"modified":"2019-08-17T11:49:03","modified_gmt":"2019-08-17T15:49:03","slug":"ali-yata-il-y-a-22-ans-deja","status":"publish","type":"post","link":"https:\/\/linitiative.ca\/International\/ali-yata-il-y-a-22-ans-deja\/","title":{"rendered":"Ali Yata, il y a 22 ans d\u00e9j\u00e0"},"content":{"rendered":"<p class=\"c4\"><span class=\"c3\"><strong><span class=\"c2\">L<\/span>es militants du Parti du progr\u00e8s et du socialisme se sont recueillis, vendredi dernier au cimeti\u00e8re des chouhadas de Casablanca, sur l\u2019\u00e2me de feu Ali Yata, disparu le 13 ao\u00fbt 1997.<\/strong><\/span><\/p>\n<p class=\"c4\"><strong>Quelques dizaines de militants mais aussi des dirigeants du Parti du progr\u00e8s et du socialisme ont tenu \u00e0 rendre hommage \u00e0 celui qui fut le fondateur du parti de la classe ouvri\u00e8re, des paysans pauvres et des intellectuels r\u00e9volutionnaires.<\/strong><\/p>\n<p class=\"c4\"><strong>C\u2019est donc un acte de<\/strong> <strong>fid\u00e9lit\u00e9 aux id\u00e9aux communs et de la reconnaissance \u00e0 la vie militante d\u2019un grand dirigeant politique. Fondateur du Parti auquel il est rest\u00e9 fid\u00e8le jusqu\u2019\u00e0 la mort, l\u2019homme avait marqu\u00e9 le Maroc d\u2019avant comme d\u2019apr\u00e8s l\u2019ind\u00e9pendance, par son patriotisme hors pair, sa lutte in\u00e9branlable pour l\u2019ind\u00e9pendance et son combat inlassable pour la d\u00e9mocratie et la justice sociale.<\/strong><\/p>\n<p class=\"c4\"><strong>Avec Abdeslam Bourquia et, plus tard, Abdallah Layachi, Ali Yata formait la triplette du Parti, les dirigeants historiques, qui auront marqu\u00e9, durant plusieurs d\u00e9cennies, la vie du Parti, \u00e0 c\u00f4t\u00e9 d\u2019autres intellectuels \u00e0 l\u2019instar d\u2019Abdelkrim Benabdallah, Hadi Messouak, Aziz Belal et d\u2019autres.<\/strong><\/p>\n<p class=\"c4\"><strong>Ali Yata avait aussi donn\u00e9 un coup de fouet \u00e0 l\u2019action du \u00ab Croissant noir \u00bb, branche arm\u00e9e du PCM contre le colonialisme. Ce qui va contribuer \u00e9norm\u00e9ment \u00e0 la fin du Protectorat sur le Maroc.<\/strong><\/p>\n<p class=\"c4\"><strong>Le nom d\u2019Ali Yata est aussi li\u00e9 \u00e0 la reconnaissance officielle de Feu Sa Majest\u00e9 Mohammed V, pour le r\u00f4le jou\u00e9 par les communistes marocains dans la lutte pour l\u2019ind\u00e9pendance du Maroc, en recevant, apr\u00e8s son retour d\u2019exil, une d\u00e9l\u00e9gation de la direction du PCM.<\/strong><\/p>\n<p class=\"c4\"><strong>Apr\u00e8s l\u2019ind\u00e9pendance, Ali Yata restera de tous les combats, face \u00e0 la rude r\u00e9pression, pour l\u2019ind\u00e9pendance nationale et la d\u00e9mocratie. Il luttera farouchement pour la reconnaissance du PCM (interdit en 1959) et du PLS (cr\u00e9\u00e9 en 1968 et interdit en 1969), puis pour le droit \u00e0 l\u2019existence du PPS, en 1974.<\/strong><\/p>\n<p class=\"c4\"><strong>L\u2019alternance d\u00e9mocratique qui amena Abderrahmane Youssoufi et la Koutla d\u00e9mocratique au gouvernement en 1997, doit \u00e9norm\u00e9ment \u00e0 Ali Yata qui en fut l\u2019un des artisans les plus dynamiques.<\/strong><\/p>\n<p class=\"c4\"><strong>Ali Yata, comme ses compagnons de lutte, aujourd\u2019hui presque tous dans l\u2019autre monde, demeurera un bel exemple d\u2019altruisme qui fait cruellement d\u00e9faut par les temps qui courent.<\/strong><\/p>\n<p class=\"c5\"><strong>Mohamed Khalil<\/strong><\/p>\n<p>Auteur: M&rsquo;hammed rahal<br \/>\n<a href=\"http:\/\/albayane.press.ma\/ali-yata-il-y-a-22-ans-deja.html\">Cliquez ici pour lire l&rsquo;article depuis sa source.<\/a><\/p>\n","protected":false},"excerpt":{"rendered":"<p>Les militants du Parti du progr\u00e8s et du socialisme se sont recueillis, vendredi dernier au cimeti\u00e8re des chouhadas de Casablanca, sur l\u2019\u00e2me de feu Ali Yata, disparu le 13 ao\u00fbt 1997. Quelques dizaines de militants mais aussi des dirigeants du Parti du progr\u00e8s et du socialisme ont tenu \u00e0 rendre hommage \u00e0 celui qui fut [&hellip;]<\/p>\n","protected":false},"author":1760,"featured_media":0,"comment_status":"closed","ping_status":"closed","sticky":false,"template":"","format":"standard","meta":{"fifu_image_url":"","fifu_image_alt":"","footnotes":""},"categories":[73,54],"tags":[],"class_list":["post-58272","post","type-post","status-publish","format-standard","hentry","category-actualite","category-maroc"],"_links":{"self":[{"href":"https:\/\/linitiative.ca\/International\/wp-json\/wp\/v2\/posts\/58272","targetHints":{"allow":["GET"]}}],"collection":[{"href":"https:\/\/linitiative.ca\/International\/wp-json\/wp\/v2\/posts"}],"about":[{"href":"https:\/\/linitiative.ca\/International\/wp-json\/wp\/v2\/types\/post"}],"author":[{"embeddable":true,"href":"https:\/\/linitiative.ca\/International\/wp-json\/wp\/v2\/users\/1760"}],"replies":[{"embeddable":true,"href":"https:\/\/linitiative.ca\/International\/wp-json\/wp\/v2\/comments?post=58272"}],"version-history":[{"count":0,"href":"https:\/\/linitiative.ca\/International\/wp-json\/wp\/v2\/posts\/58272\/revisions"}],"wp:attachment":[{"href":"https:\/\/linitiative.ca\/International\/wp-json\/wp\/v2\/media?parent=58272"}],"wp:term":[{"taxonomy":"category","embeddable":true,"href":"https:\/\/linitiative.ca\/International\/wp-json\/wp\/v2\/categories?post=58272"},{"taxonomy":"post_tag","embeddable":true,"href":"https:\/\/linitiative.ca\/International\/wp-json\/wp\/v2\/tags?post=58272"}],"curies":[{"name":"wp","href":"https:\/\/api.w.org\/{rel}","templated":true}]}}