{"id":58321,"date":"2019-08-17T12:18:00","date_gmt":"2019-08-17T16:18:00","guid":{"rendered":"https:\/\/linitiative.ca\/International\/le-gouverneur-de-sfax-adel-khabthani-releve-de-ses-fonctions-anis-oueslati-lui-succede\/"},"modified":"2019-08-17T12:18:00","modified_gmt":"2019-08-17T16:18:00","slug":"le-gouverneur-de-sfax-adel-khabthani-releve-de-ses-fonctions-anis-oueslati-lui-succede","status":"publish","type":"post","link":"https:\/\/linitiative.ca\/International\/le-gouverneur-de-sfax-adel-khabthani-releve-de-ses-fonctions-anis-oueslati-lui-succede\/","title":{"rendered":"Le gouverneur de Sfax, Adel Khabthani, relev\u00e9 de ses fonctions. Anis Oueslati lui succ\u00e8de"},"content":{"rendered":"<p><span class=\"c2\"><img loading=\"lazy\" decoding=\"async\" src=\"\/uploads\/FCK_files\/Anis(2).jpg\" width=\"173\" height=\"239\" vspace=\"5\" hspace=\"5\" align=\"left\" alt=\"\"\/>Youssef Chahed a fini par s\u2019y r\u00e9soudre. Il vient de relever le gouverneur de Sfax, Adel Khabthani de ses fonctions et de nommer \u00e0 sa place Anis Oueslati. Une d\u00e9cision qui rencontre un grand \u00e9cho dans la r\u00e9gion. D&rsquo;autres nominations dans le corps des gouverneurs seraient annonc\u00e9es incessemment.<\/span><\/p>\n<p><span class=\"c2\">Pourquoi Adel Khabthani a-t-il \u00e9t\u00e9 limog\u00e9? <a href=\"https:\/\/www.leaders.com.tn\/article\/27761-pourquoi-chahed-a-limoge-le-gouverneur-de-sfax-adel-khabthani-l-eau-la-siape-et-le-reste\">Lire notre article.<\/a><\/span><a href=\"https:\/\/www.leaders.com.tn\/article\/27761-pourquoi-chahed-a-limoge-le-gouverneur-de-sfax-adel-khabthani-l-eau-la-siape-et-le-reste\"><br \/><\/a><\/p>\n<p><span class=\"c2\">Ancien PDG de la SNCFT (2017-2018, une exp\u00e9rience dans le transport ferroviaire qui lui sera utile pour acc\u00e9l\u00e9rer le dossier du m\u00e9tro de Sfax), le nouveau gouverneur Oueslati \u00e9tait jusque-l\u00e0 charg\u00e9 de mission \u00e0 la Pr\u00e9sidence du Gouvernement. Dipl\u00f4m\u00e9 de l\u2019IHEC (1990-1995) et du Cycle sup\u00e9rieur de l\u2019ENA (1996 \u2013 1999). Au cour de sa carri\u00e8re dans la haute administration, il avait \u00e9t\u00e9 notamment pr\u00e9sident de la commission de contr\u00f4le et d\u2019audit sp\u00e9cialis\u00e9e charg\u00e9e des commandes diverses (2014 \u2013 2017) et secr\u00e9taire g\u00e9n\u00e9ral du minist\u00e8re des Affaires locales et de l\u2019Environnement (2016 \u2013 2017)<\/span><\/p>\n<p>Auteur:<br \/>\n<a href=\"https:\/\/www.leaders.com.tn\/article\/27760-le-gouverneur-de-sfax-adel-khabthani-releve-de-ses-fonctions-anis-oueslati-lui-succede\">Cliquez ici pour lire l&rsquo;article depuis sa source.<\/a><\/p>\n","protected":false},"excerpt":{"rendered":"<p>Youssef Chahed a fini par s\u2019y r\u00e9soudre. Il vient de relever le gouverneur de Sfax, Adel Khabthani de ses fonctions et de nommer \u00e0 sa place Anis Oueslati. Une d\u00e9cision qui rencontre un grand \u00e9cho dans la r\u00e9gion. D&rsquo;autres nominations dans le corps des gouverneurs seraient annonc\u00e9es incessemment. Pourquoi Adel Khabthani a-t-il \u00e9t\u00e9 limog\u00e9? Lire [&hellip;]<\/p>\n","protected":false},"author":1772,"featured_media":58322,"comment_status":"closed","ping_status":"closed","sticky":false,"template":"","format":"standard","meta":{"fifu_image_url":"","fifu_image_alt":"","footnotes":""},"categories":[73,55],"tags":[],"class_list":["post-58321","post","type-post","status-publish","format-standard","has-post-thumbnail","hentry","category-actualite","category-tunisie"],"_links":{"self":[{"href":"https:\/\/linitiative.ca\/International\/wp-json\/wp\/v2\/posts\/58321","targetHints":{"allow":["GET"]}}],"collection":[{"href":"https:\/\/linitiative.ca\/International\/wp-json\/wp\/v2\/posts"}],"about":[{"href":"https:\/\/linitiative.ca\/International\/wp-json\/wp\/v2\/types\/post"}],"author":[{"embeddable":true,"href":"https:\/\/linitiative.ca\/International\/wp-json\/wp\/v2\/users\/1772"}],"replies":[{"embeddable":true,"href":"https:\/\/linitiative.ca\/International\/wp-json\/wp\/v2\/comments?post=58321"}],"version-history":[{"count":0,"href":"https:\/\/linitiative.ca\/International\/wp-json\/wp\/v2\/posts\/58321\/revisions"}],"wp:featuredmedia":[{"embeddable":true,"href":"https:\/\/linitiative.ca\/International\/wp-json\/"}],"wp:attachment":[{"href":"https:\/\/linitiative.ca\/International\/wp-json\/wp\/v2\/media?parent=58321"}],"wp:term":[{"taxonomy":"category","embeddable":true,"href":"https:\/\/linitiative.ca\/International\/wp-json\/wp\/v2\/categories?post=58321"},{"taxonomy":"post_tag","embeddable":true,"href":"https:\/\/linitiative.ca\/International\/wp-json\/wp\/v2\/tags?post=58321"}],"curies":[{"name":"wp","href":"https:\/\/api.w.org\/{rel}","templated":true}]}}