{"id":58327,"date":"2019-08-17T04:53:55","date_gmt":"2019-08-17T08:53:55","guid":{"rendered":"https:\/\/linitiative.ca\/International\/institut-amadeus-recommandations-pour-un-modele-de-developpement-durable\/"},"modified":"2019-08-17T04:53:55","modified_gmt":"2019-08-17T08:53:55","slug":"institut-amadeus-recommandations-pour-un-modele-de-developpement-durable","status":"publish","type":"post","link":"https:\/\/linitiative.ca\/International\/institut-amadeus-recommandations-pour-un-modele-de-developpement-durable\/","title":{"rendered":"Institut Amadeus : Recommandations pour un mod\u00e8le de d\u00e9veloppement durable"},"content":{"rendered":"<p><strong>En une centaine de pages, l\u2019Institut Amadeus a \u00e9labor\u00e9 une synth\u00e8se des travaux r\u00e9alis\u00e9s par plus de 80 contributeurs marocains et \u00e9trangers.<\/strong><\/p>\n<div class=\"c10\"\/>\n<p>C\u2019est un travail multidisciplinaire regroup\u00e9 sous le titre\u00a0:\u00a0\u00ab\u00a0100 propositions pour un <strong>mod\u00e8le de d\u00e9veloppement<\/strong> national durable, juste, inclusif et innovant\u00a0\u00bb. Les mots sont bien choisis pour indiquer la direction vers laquelle devrait se projeter les acteurs de changement.<\/p>\n<p>Les progr\u00e8s r\u00e9alis\u00e9s au cours des d\u00e9cennies ant\u00e9rieures sont \u00e0 capitaliser. Seulement, il est bien \u00e9tabli et admis officiellement que la croissance \u00e0 elle seule n\u2019est gu\u00e8re suffisante. Celle-ci doit devenir n\u00e9cessairement inclusive. La croissance actuelle cr\u00e9e peu d\u2019emplois. Elle est faiblement inclusive. Le ch\u00f4mage touche en particulier les jeunes dipl\u00f4m\u00e9s en zone urbaine. La productivit\u00e9 est faible \u00e0 cause du <strong>manque d\u2019innovation<\/strong>.<\/p>\n<p>Facteurs exog\u00e8nes et facteurs endog\u00e8nes doivent \u00eatre \u00e9galement pris en compte. Pour Amadeus, il ne s\u2019agit pas d\u2019une rupture ou d\u2019une \u00ab\u00a0tabula rasa\u00a0\u00bb. Le nouveau mod\u00e8le de d\u00e9veloppement devrait \u00eatre le r\u00e9sultat d\u2019une \u00ab\u00a0adaptation\u00a0\u00bb, gr\u00e2ce \u00ab\u00a0\u00e0 l\u2019innovation, l\u2019audace et au d\u00e9passement des approches conventionnelles\u00a0\u00bb. Il est question surtout de permettre une \u00ab\u00a0\u00e9volution transformatrice\u00a0\u00bb et multidimensionnelle.<\/p>\n<p>Les mots cl\u00e9s des discours Royaux sont repris. R\u00e9instaurer la confiance en l\u2019avenir, en \u00e9tablissant concr\u00e8tement une soci\u00e9t\u00e9 plus juste et plus inclusive. \u00ab\u00a0Le mod\u00e8le de d\u00e9veloppement doit pouvoir r\u00e9pondre, de mani\u00e8re concr\u00e8te et p\u00e9renne, aux <strong>in\u00e9galit\u00e9s sociales<\/strong> et territoriales notamment\u00a0\u00bb. Il est question de contribuer \u00e0 la \u00ab\u00a0cr\u00e9ation d\u2019un nouveau mod\u00e8le disruptif de confiance\u00a0\u00bb. La r\u00e9conciliation des citoyens avec l\u2019ensemble de leurs institutions doit compl\u00e9ter l\u2019am\u00e9lioration continue et relativement r\u00e9ussie du climat des affaires. Le d\u00e9veloppement devrait \u00eatre bas\u00e9 sur le renforcement des capacit\u00e9s, l\u2019inclusivit\u00e9, la redistribution, l\u2019\u00e9galit\u00e9 des chances et la solidarit\u00e9.<\/p>\n<p>Au c\u0153ur des r\u00e9formes, celle concernant le syst\u00e8me \u00e9ducatif est centrale, voire incontournable. \u00ab\u00a0 L\u2019Ecole marocaine doit \u00eatre \u00e9lev\u00e9e au rang de v\u00e9ritable projet de soci\u00e9t\u00e9\u00a0\u00bb. Car, comme le souligne Amadeus, \u00ab\u00a0c\u2019est l\u2019absence de g\u00e9n\u00e9ralisation d\u2019un enseignement public de qualit\u00e9 qui cr\u00e9e la perception d\u2019un Maroc \u00e0 plusieurs vitesses et qui accentue les frustrations sociales\u00a0\u00bb.<\/p>\n<p>Parmi les forces \u00e0 capitaliser, <strong>Amadeus<\/strong> cite les progr\u00e8s r\u00e9cemment r\u00e9alis\u00e9s dans la diversification des relations \u00e9conomiques internationales du Royaume. Cette \u00e9volution est \u00e0 compl\u00e9ter par la cr\u00e9ation de \u00ab\u00a0moteurs endog\u00e8nes\u00a0\u00bb. A cet \u00e9gard, Amadeus propose trois principaux axes pour engager la r\u00e9flexion collective sur le nouveau mod\u00e8le de d\u00e9veloppement\u00a0: 1) la capitalisation des acquis\u00a0; 2) l\u2019identification des points de blocage\u00a0; 3) la capacit\u00e9 \u00e0 \u00eatre inventif et \u00e0 apporter des solutions concr\u00e8tes et r\u00e9alisables. \u00a0\u00a0\u00a0<\/p>\n<div class=\"c17\">\n<fieldset class=\"c16\">\n<legend><strong><span class=\"c11\">Challenge<\/span><span class=\"c12\">news<\/span><\/strong><\/legend>\n<div class=\"c15\">Le meilleur de la r\u00e9daction s\u00e9lectionn\u00e9 par Challenge :<\/p>\n<\/div>\n<\/fieldset>\n<\/div>\n<p>Auteur: Mohamed Amine<br \/>\n<a href=\"https:\/\/www.challenge.ma\/institut-amadeus-recommandations-pour-un-modele-de-developpement-durable-115612\/\">Cliquez ici pour lire l&rsquo;article depuis sa source.<\/a><\/p>\n","protected":false},"excerpt":{"rendered":"<p>En une centaine de pages, l\u2019Institut Amadeus a \u00e9labor\u00e9 une synth\u00e8se des travaux r\u00e9alis\u00e9s par plus de 80 contributeurs marocains et \u00e9trangers. C\u2019est un travail multidisciplinaire regroup\u00e9 sous le titre\u00a0:\u00a0\u00ab\u00a0100 propositions pour un mod\u00e8le de d\u00e9veloppement national durable, juste, inclusif et innovant\u00a0\u00bb. Les mots sont bien choisis pour indiquer la direction vers laquelle devrait se [&hellip;]<\/p>\n","protected":false},"author":1787,"featured_media":0,"comment_status":"closed","ping_status":"closed","sticky":false,"template":"","format":"standard","meta":{"fifu_image_url":"","fifu_image_alt":"","footnotes":""},"categories":[78,54],"tags":[],"class_list":["post-58327","post","type-post","status-publish","format-standard","hentry","category-economie","category-maroc"],"_links":{"self":[{"href":"https:\/\/linitiative.ca\/International\/wp-json\/wp\/v2\/posts\/58327","targetHints":{"allow":["GET"]}}],"collection":[{"href":"https:\/\/linitiative.ca\/International\/wp-json\/wp\/v2\/posts"}],"about":[{"href":"https:\/\/linitiative.ca\/International\/wp-json\/wp\/v2\/types\/post"}],"author":[{"embeddable":true,"href":"https:\/\/linitiative.ca\/International\/wp-json\/wp\/v2\/users\/1787"}],"replies":[{"embeddable":true,"href":"https:\/\/linitiative.ca\/International\/wp-json\/wp\/v2\/comments?post=58327"}],"version-history":[{"count":0,"href":"https:\/\/linitiative.ca\/International\/wp-json\/wp\/v2\/posts\/58327\/revisions"}],"wp:attachment":[{"href":"https:\/\/linitiative.ca\/International\/wp-json\/wp\/v2\/media?parent=58327"}],"wp:term":[{"taxonomy":"category","embeddable":true,"href":"https:\/\/linitiative.ca\/International\/wp-json\/wp\/v2\/categories?post=58327"},{"taxonomy":"post_tag","embeddable":true,"href":"https:\/\/linitiative.ca\/International\/wp-json\/wp\/v2\/tags?post=58327"}],"curies":[{"name":"wp","href":"https:\/\/api.w.org\/{rel}","templated":true}]}}