{"id":58350,"date":"2019-08-18T10:16:47","date_gmt":"2019-08-18T14:16:47","guid":{"rendered":"https:\/\/linitiative.ca\/International\/candidatures-a-la-presidentielle-un-total-de-12-recours-contre-la-liste-preliminaire\/"},"modified":"2019-08-18T10:16:47","modified_gmt":"2019-08-18T14:16:47","slug":"candidatures-a-la-presidentielle-un-total-de-12-recours-contre-la-liste-preliminaire","status":"publish","type":"post","link":"https:\/\/linitiative.ca\/International\/candidatures-a-la-presidentielle-un-total-de-12-recours-contre-la-liste-preliminaire\/","title":{"rendered":"Candidatures \u00e0 la pr\u00e9sidentielle :   Un total de 12 recours contre la liste pr\u00e9liminaire"},"content":{"rendered":"<p>Un total de 12 recours \u00e9manant de candidats exclus de la course pour l\u2019\u00e9lection pr\u00e9sidentielle pr\u00e9vue mi-septembre prochain ont \u00e9t\u00e9 enregistr\u00e9s \u00e0 ce jour, selon un membre de l\u2019Instance Sup\u00e9rieure Ind\u00e9pendante des Elections (ISIE).<\/p>\n<div>\u00ab Deux opposants n\u2019avaient pas inform\u00e9 l\u2019ISIE de leur d\u00e9cision de recourir \u00e0 la justice administrative pour s\u2019opposer \u00e0 la d\u00e9cision de l\u2019instance le 14 ao\u00fbt, ce qui invalide leurs recours sur la forme lors des plaidoiries lundi devant la justice administrative \u00bb, a indiqu\u00e9 Adel Brinsi.Les juridictions administratives devraient se prononcer le mardi 20 ao\u00fbt sur les griefs pr\u00e9sent\u00e9s par les candidats Lazhar Al-Ghazlani, Mohammed Al-Hadi Ben Houcine, Mohamed Saleh Janadi, Mourir Baatour, Laila Hammami, Sahbi Braham, Mohamed Al-Awsat Al-Ayari, Marwane Ben Amor et Abdellatif Dridi.Il a ajout\u00e9 que le candidat exclu, Bechir Aouani, pourrait s\u2019adresser \u00e0 la justice, estimant que la notification de la d\u00e9cision de l\u2019Instance \u00e9lectorale rejetant sa candidature \u00e0 cette \u00e9lection avait \u00e9t\u00e9 tardive.La Haute Commission \u00e9lectorale ind\u00e9pendante a annonc\u00e9 le 14 ao\u00fbt accepter les dossiers pr\u00e9liminaires de 26 candidats sur 97 inscrits.Selon le calendrier de ces \u00e9lections, l\u2019ISIE annoncera la liste d\u00e9finitive des candidats admis \u00e0 participer au scrutin pr\u00e9sidentiel au plus tard le 31 ao\u00fbt, apr\u00e8s avoir examin\u00e9 les diff\u00e9rents appels.La campagne pr\u00e9sidentielle pour les pr\u00e9sidences 2019 d\u00e9butera le 2 septembre.<\/div>\n<p class=\"dpsp-share-text\">Partager c&rsquo;est aimer!<\/p>\n<div class=\"wp-post-author-wrap wp-post-author-shortcode left\">\n<h3 class=\"awpa-title\"\/>\n<div class=\"wp-post-author\">\n<div class=\"awpa-img awpa-author-block square\"><a href=\"http:\/\/lexpertjournal.net\/fr\/author\/expert\/\"><img loading=\"lazy\" decoding=\"async\" alt=\"\" src=\"http:\/\/2.gravatar.com\/avatar\/56d99be2a6f97af88ccb49fada637fcd?s=150&#038;d=mm&#038;r=g\" srcset=\"http:\/\/2.gravatar.com\/avatar\/56d99be2a6f97af88ccb49fada637fcd?s=300&#038;d=mm&#038;r=g 2x\" class=\"avatar avatar-150 photo\" height=\"150\" width=\"150\"\/><\/a><\/div>\n<\/div>\n<\/div>\n<p>Auteur: L&rsquo;expert<br \/>\n<a href=\"http:\/\/lexpertjournal.net\/fr\/2019\/08\/18\/candidatures-a-la-presidentielle-un-total-de-12-recours-contre-la-liste-preliminaire\/\">Cliquez ici pour lire l&rsquo;article depuis sa source.<\/a><\/p>\n","protected":false},"excerpt":{"rendered":"<p>Un total de 12 recours \u00e9manant de candidats exclus de la course pour l\u2019\u00e9lection pr\u00e9sidentielle pr\u00e9vue mi-septembre prochain ont \u00e9t\u00e9 enregistr\u00e9s \u00e0 ce jour, selon un membre de l\u2019Instance Sup\u00e9rieure Ind\u00e9pendante des Elections (ISIE). \u00ab Deux opposants n\u2019avaient pas inform\u00e9 l\u2019ISIE de leur d\u00e9cision de recourir \u00e0 la justice administrative pour s\u2019opposer \u00e0 la d\u00e9cision [&hellip;]<\/p>\n","protected":false},"author":1775,"featured_media":0,"comment_status":"closed","ping_status":"closed","sticky":false,"template":"","format":"standard","meta":{"fifu_image_url":"","fifu_image_alt":"","footnotes":""},"categories":[78,55],"tags":[],"class_list":["post-58350","post","type-post","status-publish","format-standard","hentry","category-economie","category-tunisie"],"_links":{"self":[{"href":"https:\/\/linitiative.ca\/International\/wp-json\/wp\/v2\/posts\/58350","targetHints":{"allow":["GET"]}}],"collection":[{"href":"https:\/\/linitiative.ca\/International\/wp-json\/wp\/v2\/posts"}],"about":[{"href":"https:\/\/linitiative.ca\/International\/wp-json\/wp\/v2\/types\/post"}],"author":[{"embeddable":true,"href":"https:\/\/linitiative.ca\/International\/wp-json\/wp\/v2\/users\/1775"}],"replies":[{"embeddable":true,"href":"https:\/\/linitiative.ca\/International\/wp-json\/wp\/v2\/comments?post=58350"}],"version-history":[{"count":0,"href":"https:\/\/linitiative.ca\/International\/wp-json\/wp\/v2\/posts\/58350\/revisions"}],"wp:attachment":[{"href":"https:\/\/linitiative.ca\/International\/wp-json\/wp\/v2\/media?parent=58350"}],"wp:term":[{"taxonomy":"category","embeddable":true,"href":"https:\/\/linitiative.ca\/International\/wp-json\/wp\/v2\/categories?post=58350"},{"taxonomy":"post_tag","embeddable":true,"href":"https:\/\/linitiative.ca\/International\/wp-json\/wp\/v2\/tags?post=58350"}],"curies":[{"name":"wp","href":"https:\/\/api.w.org\/{rel}","templated":true}]}}