{"id":58351,"date":"2019-08-18T10:20:51","date_gmt":"2019-08-18T14:20:51","guid":{"rendered":"https:\/\/linitiative.ca\/International\/en-raison-du-trafic-intense-retards-au-niveau-des-vols-retour-de-nos-pelerins\/"},"modified":"2019-08-18T10:20:51","modified_gmt":"2019-08-18T14:20:51","slug":"en-raison-du-trafic-intense-retards-au-niveau-des-vols-retour-de-nos-pelerins","status":"publish","type":"post","link":"https:\/\/linitiative.ca\/International\/en-raison-du-trafic-intense-retards-au-niveau-des-vols-retour-de-nos-pelerins\/","title":{"rendered":"En raison du trafic intense : Retards au niveau des vols retour de nos p\u00e8lerins"},"content":{"rendered":"<p>Un nombre de vols retour de nos p\u00e8lerins des Lieux Saints (en Arabie Saoudite) vers la Tunisie enregistreront un retard, a annonc\u00e9 la compagnie a\u00e9rienne tunisienne, expliquant que ce retard est d\u00fb \u00bb \u00e0 la pression actuelle sur les a\u00e9roports saoudiens en raison du trafic a\u00e9rien intense pendant la saison du Hajj \u00bb.<\/p>\n<div>Tunisair a pr\u00e9cis\u00e9, dans un communiqu\u00e9, publi\u00e9 dimanche, que le vol Djeddah-Tunis n\u00b0 TU 5002, atterrira \u00e0 17h00, alors que l\u2019arriv\u00e9e \u00e9tait pr\u00e9vue \u00e0 7h55.De m\u00eame, le vol n\u00b0 TU 5006 (Djeddah-Monastir), arrivera, lundi, \u00e0 5h00 (au lieu de dimanche \u00e0 10h23).<\/div>\n<p class=\"dpsp-share-text\">Partager c&rsquo;est aimer!<\/p>\n<div class=\"wp-post-author-wrap wp-post-author-shortcode left\">\n<h3 class=\"awpa-title\"\/>\n<div class=\"wp-post-author\">\n<div class=\"awpa-img awpa-author-block square\"><a href=\"http:\/\/lexpertjournal.net\/fr\/author\/expert\/\"><img loading=\"lazy\" decoding=\"async\" alt=\"\" src=\"http:\/\/2.gravatar.com\/avatar\/56d99be2a6f97af88ccb49fada637fcd?s=150&#038;d=mm&#038;r=g\" srcset=\"http:\/\/2.gravatar.com\/avatar\/56d99be2a6f97af88ccb49fada637fcd?s=300&#038;d=mm&#038;r=g 2x\" class=\"avatar avatar-150 photo\" height=\"150\" width=\"150\"\/><\/a><\/div>\n<\/div>\n<\/div>\n<p>Auteur: L&rsquo;expert<br \/>\n<a href=\"http:\/\/lexpertjournal.net\/fr\/2019\/08\/18\/en-raison-du-trafic-intense-retards-au-niveau-des-vols-retour-de-nos-pelerins\/\">Cliquez ici pour lire l&rsquo;article depuis sa source.<\/a><\/p>\n","protected":false},"excerpt":{"rendered":"<p>Un nombre de vols retour de nos p\u00e8lerins des Lieux Saints (en Arabie Saoudite) vers la Tunisie enregistreront un retard, a annonc\u00e9 la compagnie a\u00e9rienne tunisienne, expliquant que ce retard est d\u00fb \u00bb \u00e0 la pression actuelle sur les a\u00e9roports saoudiens en raison du trafic a\u00e9rien intense pendant la saison du Hajj \u00bb. Tunisair a [&hellip;]<\/p>\n","protected":false},"author":1775,"featured_media":0,"comment_status":"closed","ping_status":"closed","sticky":false,"template":"","format":"standard","meta":{"fifu_image_url":"","fifu_image_alt":"","footnotes":""},"categories":[78,55],"tags":[],"class_list":["post-58351","post","type-post","status-publish","format-standard","hentry","category-economie","category-tunisie"],"_links":{"self":[{"href":"https:\/\/linitiative.ca\/International\/wp-json\/wp\/v2\/posts\/58351","targetHints":{"allow":["GET"]}}],"collection":[{"href":"https:\/\/linitiative.ca\/International\/wp-json\/wp\/v2\/posts"}],"about":[{"href":"https:\/\/linitiative.ca\/International\/wp-json\/wp\/v2\/types\/post"}],"author":[{"embeddable":true,"href":"https:\/\/linitiative.ca\/International\/wp-json\/wp\/v2\/users\/1775"}],"replies":[{"embeddable":true,"href":"https:\/\/linitiative.ca\/International\/wp-json\/wp\/v2\/comments?post=58351"}],"version-history":[{"count":0,"href":"https:\/\/linitiative.ca\/International\/wp-json\/wp\/v2\/posts\/58351\/revisions"}],"wp:attachment":[{"href":"https:\/\/linitiative.ca\/International\/wp-json\/wp\/v2\/media?parent=58351"}],"wp:term":[{"taxonomy":"category","embeddable":true,"href":"https:\/\/linitiative.ca\/International\/wp-json\/wp\/v2\/categories?post=58351"},{"taxonomy":"post_tag","embeddable":true,"href":"https:\/\/linitiative.ca\/International\/wp-json\/wp\/v2\/tags?post=58351"}],"curies":[{"name":"wp","href":"https:\/\/api.w.org\/{rel}","templated":true}]}}