{"id":58354,"date":"2019-08-18T10:31:10","date_gmt":"2019-08-18T14:31:10","guid":{"rendered":"https:\/\/linitiative.ca\/International\/pelerinage-deces-dune-tunisienne-dans-les-lieux-saints\/"},"modified":"2019-08-18T10:31:10","modified_gmt":"2019-08-18T14:31:10","slug":"pelerinage-deces-dune-tunisienne-dans-les-lieux-saints","status":"publish","type":"post","link":"https:\/\/linitiative.ca\/International\/pelerinage-deces-dune-tunisienne-dans-les-lieux-saints\/","title":{"rendered":"P\u00e8lerinage :  D\u00e9c\u00e8s d\u2019une tunisienne dans les lieux saints"},"content":{"rendered":"<p>Un nouveau d\u00e9c\u00e8s a \u00e9t\u00e9 enregistr\u00e9, dimanche 18 ao\u00fbt 2019 dans les Lieux Saints, parmi les p\u00e8lerins tunisiens qui effectuent les rites du p\u00e8lerinage, annonce le minist\u00e8re des Affaires religieuses dans un communiqu\u00e9.<\/p>\n<div>Il s\u2019agit d\u2019une femme, originaire de la d\u00e9l\u00e9gation de Djerba (gouvernorat de M\u00e9denine), veuve d\u2019un p\u00e8lerin mort quelques heures plut\u00f4t (samedi soir), pr\u00e9cise la m\u00eame source. Deux autres p\u00e8lerins, originaires du gouvernorat de Nabeul sont d\u00e9c\u00e9d\u00e9s lors de l\u2019accomplissement des rites du p\u00e8lerinage, rappelle le minist\u00e8re.<\/div>\n<p class=\"dpsp-share-text\">Partager c&rsquo;est aimer!<\/p>\n<div class=\"wp-post-author-wrap wp-post-author-shortcode left\">\n<h3 class=\"awpa-title\"\/>\n<div class=\"wp-post-author\">\n<div class=\"awpa-img awpa-author-block square\"><a href=\"http:\/\/lexpertjournal.net\/fr\/author\/expert\/\"><img loading=\"lazy\" decoding=\"async\" alt=\"\" src=\"http:\/\/2.gravatar.com\/avatar\/56d99be2a6f97af88ccb49fada637fcd?s=150&#038;d=mm&#038;r=g\" srcset=\"http:\/\/2.gravatar.com\/avatar\/56d99be2a6f97af88ccb49fada637fcd?s=300&#038;d=mm&#038;r=g 2x\" class=\"avatar avatar-150 photo\" height=\"150\" width=\"150\"\/><\/a><\/div>\n<\/div>\n<\/div>\n<p>Auteur: L&rsquo;expert<br \/>\n<a href=\"http:\/\/lexpertjournal.net\/fr\/2019\/08\/18\/pelerinage-deces-dune-tunisienne-dans-les-lieux-saints\/\">Cliquez ici pour lire l&rsquo;article depuis sa source.<\/a><\/p>\n","protected":false},"excerpt":{"rendered":"<p>Un nouveau d\u00e9c\u00e8s a \u00e9t\u00e9 enregistr\u00e9, dimanche 18 ao\u00fbt 2019 dans les Lieux Saints, parmi les p\u00e8lerins tunisiens qui effectuent les rites du p\u00e8lerinage, annonce le minist\u00e8re des Affaires religieuses dans un communiqu\u00e9. Il s\u2019agit d\u2019une femme, originaire de la d\u00e9l\u00e9gation de Djerba (gouvernorat de M\u00e9denine), veuve d\u2019un p\u00e8lerin mort quelques heures plut\u00f4t (samedi soir), [&hellip;]<\/p>\n","protected":false},"author":1775,"featured_media":0,"comment_status":"closed","ping_status":"closed","sticky":false,"template":"","format":"standard","meta":{"fifu_image_url":"","fifu_image_alt":"","footnotes":""},"categories":[78,55],"tags":[],"class_list":["post-58354","post","type-post","status-publish","format-standard","hentry","category-economie","category-tunisie"],"_links":{"self":[{"href":"https:\/\/linitiative.ca\/International\/wp-json\/wp\/v2\/posts\/58354","targetHints":{"allow":["GET"]}}],"collection":[{"href":"https:\/\/linitiative.ca\/International\/wp-json\/wp\/v2\/posts"}],"about":[{"href":"https:\/\/linitiative.ca\/International\/wp-json\/wp\/v2\/types\/post"}],"author":[{"embeddable":true,"href":"https:\/\/linitiative.ca\/International\/wp-json\/wp\/v2\/users\/1775"}],"replies":[{"embeddable":true,"href":"https:\/\/linitiative.ca\/International\/wp-json\/wp\/v2\/comments?post=58354"}],"version-history":[{"count":0,"href":"https:\/\/linitiative.ca\/International\/wp-json\/wp\/v2\/posts\/58354\/revisions"}],"wp:attachment":[{"href":"https:\/\/linitiative.ca\/International\/wp-json\/wp\/v2\/media?parent=58354"}],"wp:term":[{"taxonomy":"category","embeddable":true,"href":"https:\/\/linitiative.ca\/International\/wp-json\/wp\/v2\/categories?post=58354"},{"taxonomy":"post_tag","embeddable":true,"href":"https:\/\/linitiative.ca\/International\/wp-json\/wp\/v2\/tags?post=58354"}],"curies":[{"name":"wp","href":"https:\/\/api.w.org\/{rel}","templated":true}]}}