{"id":58355,"date":"2019-08-18T13:04:17","date_gmt":"2019-08-18T17:04:17","guid":{"rendered":"https:\/\/linitiative.ca\/International\/11e-edition-du-festival-national-de-la-chanson-du-rai-a-sidi-bel-abbes\/"},"modified":"2019-08-18T13:04:17","modified_gmt":"2019-08-18T17:04:17","slug":"11e-edition-du-festival-national-de-la-chanson-du-rai-a-sidi-bel-abbes","status":"publish","type":"post","link":"https:\/\/linitiative.ca\/International\/11e-edition-du-festival-national-de-la-chanson-du-rai-a-sidi-bel-abbes\/","title":{"rendered":"11e \u00e9dition du festival national de la chanson du ra\u00ef \u00e0 Sidi Bel Abb\u00e8s"},"content":{"rendered":"<div>\n<div class=\"K2FeedImage\"><img decoding=\"async\" src=\"http:\/\/www.aps.dz\/media\/k2\/items\/cache\/aa8981887019d904956dba2a852f8599_S.jpg\" alt=\"11e \u00e9dition du festival national de la chanson du ra\u00ef \u00e0 Sidi Bel Abb\u00e8s\"><\/div>\n<div class=\"K2FeedIntroText\">\n<p><strong>SIDI BEL ABBES &#8211; Le coup d&rsquo;envoi de la 11\u00e8me \u00e9dition du festival national de la chanson du rai a \u00e9t\u00e9 donn\u00e9, jeudi \u00e0 Sidi Bel Abb\u00e8s, en pr\u00e9sence d&rsquo;un public nombreux compos\u00e9 de familles et de jeunes amoureux de ce genre musical authentique.<\/strong><\/p>\n<\/div>\n<div class=\"K2FeedFullText\">\n<p>Depuis son ouverture, cette manifestation culturelle artistique a enregistr\u00e9 une grande affluence des amateurs de la chanson du rai \u00e0 la maison de la culture Kateb Yacine, pour \u00e9couter des chansons alliant le rai authentique et le rai moderne.<\/p>\n<p>D\u00e8s l&rsquo;ouverture de la soir\u00e9e, le groupe Ra\u00efna Ra\u00ef a enchant\u00e9 le public avec sa fameuse chanson \u00ab\u00a0Ya Zina Diri Latay\u00a0\u00bb, ensuite avec le passage de jeunes artistes \u00e0 l&rsquo;instar de Cheb Houssam, Djamel Milano, Cheb Mahfoud, Mohamed EL Abbassi, Chaba Fati et Cheikh Naam.<\/p>\n<p>Le secr\u00e9taire g\u00e9n\u00e9ral de la wilaya Mohamed Ould Abdenabi a d\u00e9clar\u00e9 dans une allocution prononc\u00e9e \u00e0 l&rsquo;occasion du coup d&rsquo;envoi donn\u00e9 \u00e0 cette manifestation artistique, que \u00ab\u00a0le Ra\u00ef est un art exceptionnelle qui caract\u00e9rise le patrimoine culturel du pays et un grand acquis \u00e0 pr\u00e9server\u00a0\u00bb.<\/p>\n<p>\u00ab\u00a0La ville de Sidi Bel Abb\u00e8s a contribu\u00e9 \u00e0 la pr\u00e9servation de ce patrimoine culturel exceptionnel qui exprime l&rsquo;\u00e9spoir et la tristesse, en ce qu&rsquo;il est un g\u00e9nie artistique devenu fameux dans le monde entier\u00a0\u00bb, a-t-il indiqu\u00e9.<\/p>\n<p>Pour sa part, le repr\u00e9sentant du minist\u00e8re de la Culture Chiter Laid a soulign\u00e9 que \u00ab\u00a0le Ra\u00ef est un art exceptionnel propre \u00e0 l&rsquo;Alg\u00e9rie et il faut le pr\u00e9server et le promouvoir \u00e0 travers les g\u00e9n\u00e9rations futures\u00a0\u00bb, mettant en avant l&rsquo;int\u00e9r\u00eat qu&rsquo;accorde la tutelle au festival national de la chanson du ra\u00ef pour le pr\u00e9server et l&rsquo;accompagner dans toutes les \u00e9ditions \u00e0 l&rsquo;avenir.<\/p>\n<p>De son c\u00f4t\u00e9, le commissaire du festival Mohamed Boussemaha a fait savoir que le festival du ra\u00ef se veut \u00ab\u00a0une manifestation culturelle artistique importante visant \u00e0 pr\u00e9server le caract\u00e8re authentique et exceptionnel du Ra\u00ef qui repr\u00e9sente tous les jeunes alg\u00e9riens\u00a0\u00bb.<\/p>\n<p>La deuxi\u00e8me soir\u00e9e de ce festival pr\u00e9vue demain samedi sera anim\u00e9e par d&rsquo;autres artistes \u00e0 l&rsquo;image de Cheikh Hattab, Cheb Kadirou, Cheikh Mimoune, Chaba Farida, Cheb Kader Japonais et Abbas Marhoum.<\/p>\n<p>Organis\u00e9es sous la supervision du minist\u00e8re de la Culture en collaboration avec l&rsquo;Office national des droits d&rsquo;auteur et droits voisins (ONDA), les soir\u00e9es du festival national de la chanson du ra\u00ef\u00a0 se poursuivent jusqu&rsquo;\u00e0 lundi avec la participation de plus de 30 artistes et des conf\u00e9rences sur la musique et la chanson du ra\u00ef.<\/p>\n<\/div>\n<\/div>\n<p>Auteur:<br \/>\n<a href=\"http:\/\/www.aps.dz\/culture\/93238-11e-edition-du-festival-national-de-la-chanson-du-rai-a-sidi-bel-abbes\">Cliquez ici pour lire l&rsquo;article depuis sa source.<\/a><\/p>\n","protected":false},"excerpt":{"rendered":"<p>SIDI BEL ABBES &#8211; Le coup d&rsquo;envoi de la 11\u00e8me \u00e9dition du festival national de la chanson du rai a \u00e9t\u00e9 donn\u00e9, jeudi \u00e0 Sidi Bel Abb\u00e8s, en pr\u00e9sence d&rsquo;un public nombreux compos\u00e9 de familles et de jeunes amoureux de ce genre musical authentique. Depuis son ouverture, cette manifestation culturelle artistique a enregistr\u00e9 une grande [&hellip;]<\/p>\n","protected":false},"author":1790,"featured_media":58356,"comment_status":"closed","ping_status":"closed","sticky":false,"template":"","format":"standard","meta":{"fifu_image_url":"","fifu_image_alt":"","footnotes":""},"categories":[53,79],"tags":[],"class_list":["post-58355","post","type-post","status-publish","format-standard","has-post-thumbnail","hentry","category-algerie","category-culture"],"_links":{"self":[{"href":"https:\/\/linitiative.ca\/International\/wp-json\/wp\/v2\/posts\/58355","targetHints":{"allow":["GET"]}}],"collection":[{"href":"https:\/\/linitiative.ca\/International\/wp-json\/wp\/v2\/posts"}],"about":[{"href":"https:\/\/linitiative.ca\/International\/wp-json\/wp\/v2\/types\/post"}],"author":[{"embeddable":true,"href":"https:\/\/linitiative.ca\/International\/wp-json\/wp\/v2\/users\/1790"}],"replies":[{"embeddable":true,"href":"https:\/\/linitiative.ca\/International\/wp-json\/wp\/v2\/comments?post=58355"}],"version-history":[{"count":0,"href":"https:\/\/linitiative.ca\/International\/wp-json\/wp\/v2\/posts\/58355\/revisions"}],"wp:featuredmedia":[{"embeddable":true,"href":"https:\/\/linitiative.ca\/International\/wp-json\/"}],"wp:attachment":[{"href":"https:\/\/linitiative.ca\/International\/wp-json\/wp\/v2\/media?parent=58355"}],"wp:term":[{"taxonomy":"category","embeddable":true,"href":"https:\/\/linitiative.ca\/International\/wp-json\/wp\/v2\/categories?post=58355"},{"taxonomy":"post_tag","embeddable":true,"href":"https:\/\/linitiative.ca\/International\/wp-json\/wp\/v2\/tags?post=58355"}],"curies":[{"name":"wp","href":"https:\/\/api.w.org\/{rel}","templated":true}]}}