{"id":58357,"date":"2019-08-18T13:04:18","date_gmt":"2019-08-18T17:04:18","guid":{"rendered":"https:\/\/linitiative.ca\/International\/hassen-ferhani-doublement-prime-au-festival-de-locarno\/"},"modified":"2019-08-18T13:04:18","modified_gmt":"2019-08-18T17:04:18","slug":"hassen-ferhani-doublement-prime-au-festival-de-locarno","status":"publish","type":"post","link":"https:\/\/linitiative.ca\/International\/hassen-ferhani-doublement-prime-au-festival-de-locarno\/","title":{"rendered":"Hassen Ferhani doublement prim\u00e9 au Festival de Locarno"},"content":{"rendered":"<div>\n<div class=\"K2FeedImage\"><img decoding=\"async\" src=\"http:\/\/www.aps.dz\/media\/k2\/items\/cache\/89b17d8dad749f143c1d608dbcbb2c64_S.jpg\" alt=\"Hassen Ferhani doublement prim\u00e9 au Festival de Locarno\"><\/div>\n<div class=\"K2FeedIntroText\">\n<p><strong>ALGER &#8211; Le cin\u00e9aste alg\u00e9rien Hassen Ferhani a re\u00e7u samedi le \u00ab\u00a0Prix du meilleur r\u00e9alisateur \u00e9mergent\u00a0\u00bb et celui du \u00ab\u00a0Jury junior\u00a0\u00bb du 72e Festival international du film de Locarno (sud-est de la Suisse) pour son film \u00ab\u00a0143, rue du d\u00e9sert\u00a0\u00bb, annonce les organisateurs.<\/strong><\/p>\n<\/div>\n<div class=\"K2FeedFullText\">\n<p>Premier long m\u00e9trage de Hassen Ferhani, \u00ab\u00a0143, rue du d\u00e9sert\u00a0\u00bb a \u00e9t\u00e9 pr\u00e9sent\u00e9 en avant-premi\u00e8re mondiale lors de cet \u00e9v\u00e9nement. Il \u00e9tait en comp\u00e9tition dans la section \u00ab\u00a0Cin\u00e9astes du pr\u00e9sent\u00a0\u00bb, deuxi\u00e8me plus importante section de ce festival qui a pris fin samedi soir.<\/p>\n<p>D&rsquo;une dur\u00e9e de 100mn, ce film, une production alg\u00e9ro-franco-qatarie, raconte l&rsquo;histoire de Malika, g\u00e9rante d&rsquo;un modeste restaurant sur la route du d\u00e9sert, au fin fond du Sahara alg\u00e9rien, o\u00f9 viennent se ravitailler routiers, aventuriers et autres voyageurs.<\/p>\n<p>Hassen Ferhani avait r\u00e9alis\u00e9 en 2016, \u00ab\u00a0Fi rassi rond-point\u00a0\u00bb (Dans ma t\u00eate un rond-point ), un documentaire prim\u00e9 en Alg\u00e9rie et dans des festivals internationaux tenus en Tunisie, en Italie et en France o\u00f9 il a re\u00e7u de nombreux prix.<\/p>\n<p>Le cin\u00e9aste portugais Pedro Costa a quant \u00e0 lui remport\u00e9 le L\u00e9opard de la meilleur r\u00e9alisation pour son film \u00ab\u00a0Vitalina Varela\u00a0\u00bb en comp\u00e9tition internationale.<\/p>\n<p>17 films de diff\u00e9rents pays, \u00e9taient en comp\u00e9tition depuis le 7 ao\u00fbt pour cette \u00e9dition 2019 du festival de Locarno qui a choisi de mettre \u00e0 l&rsquo;honneur le cin\u00e9ma de l&rsquo;Asie du sud-est (Indon\u00e9sie, Philippines et le Laos).<\/p>\n<p><img decoding=\"async\" style=\"display: block; margin-left: auto; margin-right: auto;\" src=\"http:\/\/www.aps.dz\/images\/Prix.png\" alt=\"\"><\/p>\n<\/div>\n<\/div>\n<p>Auteur:<br \/>\n<a href=\"http:\/\/www.aps.dz\/culture\/93284-hassen-ferhani-doublement-prime-au-festival-de-locarno\">Cliquez ici pour lire l&rsquo;article depuis sa source.<\/a><\/p>\n","protected":false},"excerpt":{"rendered":"<p>ALGER &#8211; Le cin\u00e9aste alg\u00e9rien Hassen Ferhani a re\u00e7u samedi le \u00ab\u00a0Prix du meilleur r\u00e9alisateur \u00e9mergent\u00a0\u00bb et celui du \u00ab\u00a0Jury junior\u00a0\u00bb du 72e Festival international du film de Locarno (sud-est de la Suisse) pour son film \u00ab\u00a0143, rue du d\u00e9sert\u00a0\u00bb, annonce les organisateurs. Premier long m\u00e9trage de Hassen Ferhani, \u00ab\u00a0143, rue du d\u00e9sert\u00a0\u00bb a \u00e9t\u00e9 [&hellip;]<\/p>\n","protected":false},"author":1790,"featured_media":58358,"comment_status":"closed","ping_status":"closed","sticky":false,"template":"","format":"standard","meta":{"fifu_image_url":"","fifu_image_alt":"","footnotes":""},"categories":[53,79],"tags":[],"class_list":["post-58357","post","type-post","status-publish","format-standard","has-post-thumbnail","hentry","category-algerie","category-culture"],"_links":{"self":[{"href":"https:\/\/linitiative.ca\/International\/wp-json\/wp\/v2\/posts\/58357","targetHints":{"allow":["GET"]}}],"collection":[{"href":"https:\/\/linitiative.ca\/International\/wp-json\/wp\/v2\/posts"}],"about":[{"href":"https:\/\/linitiative.ca\/International\/wp-json\/wp\/v2\/types\/post"}],"author":[{"embeddable":true,"href":"https:\/\/linitiative.ca\/International\/wp-json\/wp\/v2\/users\/1790"}],"replies":[{"embeddable":true,"href":"https:\/\/linitiative.ca\/International\/wp-json\/wp\/v2\/comments?post=58357"}],"version-history":[{"count":0,"href":"https:\/\/linitiative.ca\/International\/wp-json\/wp\/v2\/posts\/58357\/revisions"}],"wp:featuredmedia":[{"embeddable":true,"href":"https:\/\/linitiative.ca\/International\/wp-json\/"}],"wp:attachment":[{"href":"https:\/\/linitiative.ca\/International\/wp-json\/wp\/v2\/media?parent=58357"}],"wp:term":[{"taxonomy":"category","embeddable":true,"href":"https:\/\/linitiative.ca\/International\/wp-json\/wp\/v2\/categories?post=58357"},{"taxonomy":"post_tag","embeddable":true,"href":"https:\/\/linitiative.ca\/International\/wp-json\/wp\/v2\/tags?post=58357"}],"curies":[{"name":"wp","href":"https:\/\/api.w.org\/{rel}","templated":true}]}}