{"id":58364,"date":"2019-08-18T10:12:00","date_gmt":"2019-08-18T14:12:00","guid":{"rendered":"https:\/\/linitiative.ca\/International\/les-salaires-des-employes-du-groupe-tahkout-ne-sont-toujours-pas-verses\/"},"modified":"2019-08-18T10:12:00","modified_gmt":"2019-08-18T14:12:00","slug":"les-salaires-des-employes-du-groupe-tahkout-ne-sont-toujours-pas-verses","status":"publish","type":"post","link":"https:\/\/linitiative.ca\/International\/les-salaires-des-employes-du-groupe-tahkout-ne-sont-toujours-pas-verses\/","title":{"rendered":"Les salaires des employ\u00e9s du \u00ab\u00a0Groupe Tahkout\u00a0\u00bb ne sont toujours pas vers\u00e9s"},"content":{"rendered":"<div id=\"originalText\" readability=\"53\">\n<p class=\"c10\">La direction du \u00ab Groupe Tahkout \u00bb a publi\u00e9 ce dimanche un communiqu\u00e9 o\u00f9 elle d\u00e9nonce de \u00ab\u00a0fausses\u00a0\u00bb informations relay\u00e9es \u00e0 propos des salaires des travailleurs, non vers\u00e9s au mois de juillet. Il s\u2019agit du probl\u00e8me de salaires de juillet non vers\u00e9s \u00e0 cause \u00ab du blocage des comptes bancaires par la justice\u00bb, explique le communiqu\u00e9. La direction du groupe a, en effet assur\u00e9 qu\u2019 \u00ab elle a pris toute les dispositions n\u00e9cessaires pour verser les salaires des employ\u00e9s avant la fin du mois de juillet \u00bb, tout en affirmant que \u00able non versement du salaire n\u2019en incombe pas \u00e0 l\u2019administration \u00bb.<\/p>\n<p class=\"c10\">Dans le m\u00eame communiqu\u00e9, ils ont insist\u00e9 sur le fait que \u00ab le groupe ne souffrait pas de difficult\u00e9s financi\u00e8res, surtout qu\u2019il ne b\u00e9n\u00e9ficie pas de cr\u00e9dits bancaires dans le cadre de l\u2019investissement \u00bb.<\/p>\n<p class=\"c10\">Pour rappel, ce blocage des comptes bancaires survient apr\u00e8s la mise en d\u00e9tention pr\u00e9ventive de Mahieddine Tahkout, de deux de ses fr\u00e8res, Rachid et Hamid et de son fils Bilal, suspect\u00e9s d&rsquo;\u00eatre impliqu\u00e9s dans plusieurs affaires li\u00e9es \u00e0 l&rsquo;obtention d&rsquo;indus privil\u00e8ges.<\/p>\n<p class=\"c11\"><strong>Im\u00e8ne AMOKRANE<\/strong><\/p>\n<\/div>\n<div id=\"text_core\" readability=\"53\">\n<p class=\"c10\">La direction du \u00ab Groupe Tahkout \u00bb a publi\u00e9 ce dimanche un communiqu\u00e9 o\u00f9 elle d\u00e9nonce de \u00ab\u00a0fausses\u00a0\u00bb informations relay\u00e9es \u00e0 propos des salaires des travailleurs, non vers\u00e9s au mois de juillet. Il s\u2019agit du probl\u00e8me de salaires de juillet non vers\u00e9s \u00e0 cause \u00ab du blocage des comptes bancaires par la justice\u00bb, explique le communiqu\u00e9. La direction du groupe a, en effet assur\u00e9 qu\u2019 \u00ab elle a pris toute les dispositions n\u00e9cessaires pour verser les salaires des employ\u00e9s avant la fin du mois de juillet \u00bb, tout en affirmant que \u00able non versement du salaire n\u2019en incombe pas \u00e0 l\u2019administration \u00bb.<\/p>\n<p class=\"c10\">Dans le m\u00eame communiqu\u00e9, ils ont insist\u00e9 sur le fait que \u00ab le groupe ne souffrait pas de difficult\u00e9s financi\u00e8res, surtout qu\u2019il ne b\u00e9n\u00e9ficie pas de cr\u00e9dits bancaires dans le cadre de l\u2019investissement \u00bb.<\/p>\n<p class=\"c10\">Pour rappel, ce blocage des comptes bancaires survient apr\u00e8s la mise en d\u00e9tention pr\u00e9ventive de Mahieddine Tahkout, de deux de ses fr\u00e8res, Rachid et Hamid et de son fils Bilal, suspect\u00e9s d&rsquo;\u00eatre impliqu\u00e9s dans plusieurs affaires li\u00e9es \u00e0 l&rsquo;obtention d&rsquo;indus privil\u00e8ges.<\/p>\n<p class=\"c11\"><strong>Im\u00e8ne AMOKRANE<\/strong><\/p>\n<\/div>\n<p>Auteur:<br \/>\n<a href=\"https:\/\/www.liberte-algerie.com\/actualite\/les-salaires-des-employes-du-groupe-tahkout-ne-sont-toujours-pas-verses-322052\">Cliquez ici pour lire l&rsquo;article depuis sa source.<\/a><\/p>\n","protected":false},"excerpt":{"rendered":"<p>La direction du \u00ab Groupe Tahkout \u00bb a publi\u00e9 ce dimanche un communiqu\u00e9 o\u00f9 elle d\u00e9nonce de \u00ab\u00a0fausses\u00a0\u00bb informations relay\u00e9es \u00e0 propos des salaires des travailleurs, non vers\u00e9s au mois de juillet. Il s\u2019agit du probl\u00e8me de salaires de juillet non vers\u00e9s \u00e0 cause \u00ab du blocage des comptes bancaires par la justice\u00bb, explique le [&hellip;]<\/p>\n","protected":false},"author":1742,"featured_media":0,"comment_status":"closed","ping_status":"closed","sticky":false,"template":"","format":"standard","meta":{"fifu_image_url":"","fifu_image_alt":"","footnotes":""},"categories":[73,53],"tags":[],"class_list":["post-58364","post","type-post","status-publish","format-standard","hentry","category-actualite","category-algerie"],"_links":{"self":[{"href":"https:\/\/linitiative.ca\/International\/wp-json\/wp\/v2\/posts\/58364","targetHints":{"allow":["GET"]}}],"collection":[{"href":"https:\/\/linitiative.ca\/International\/wp-json\/wp\/v2\/posts"}],"about":[{"href":"https:\/\/linitiative.ca\/International\/wp-json\/wp\/v2\/types\/post"}],"author":[{"embeddable":true,"href":"https:\/\/linitiative.ca\/International\/wp-json\/wp\/v2\/users\/1742"}],"replies":[{"embeddable":true,"href":"https:\/\/linitiative.ca\/International\/wp-json\/wp\/v2\/comments?post=58364"}],"version-history":[{"count":0,"href":"https:\/\/linitiative.ca\/International\/wp-json\/wp\/v2\/posts\/58364\/revisions"}],"wp:attachment":[{"href":"https:\/\/linitiative.ca\/International\/wp-json\/wp\/v2\/media?parent=58364"}],"wp:term":[{"taxonomy":"category","embeddable":true,"href":"https:\/\/linitiative.ca\/International\/wp-json\/wp\/v2\/categories?post=58364"},{"taxonomy":"post_tag","embeddable":true,"href":"https:\/\/linitiative.ca\/International\/wp-json\/wp\/v2\/tags?post=58364"}],"curies":[{"name":"wp","href":"https:\/\/api.w.org\/{rel}","templated":true}]}}