{"id":58367,"date":"2019-08-18T12:29:00","date_gmt":"2019-08-18T16:29:00","guid":{"rendered":"https:\/\/linitiative.ca\/International\/loperateur-de-telephonie-mobile-sexplique\/"},"modified":"2019-08-18T12:29:00","modified_gmt":"2019-08-18T16:29:00","slug":"loperateur-de-telephonie-mobile-sexplique","status":"publish","type":"post","link":"https:\/\/linitiative.ca\/International\/loperateur-de-telephonie-mobile-sexplique\/","title":{"rendered":"L&rsquo;op\u00e9rateur de t\u00e9l\u00e9phonie mobile s\u2019explique"},"content":{"rendered":"<div id=\"originalText\" readability=\"45\">\n<p class=\"c10\">L\u2019op\u00e9rateur de t\u00e9l\u00e9phonie mobile \u00ab\u00a0Ooredoo\u00a0\u00bb rassure ses clients suite aux perturbations constat\u00e9es sur son r\u00e9seau ce dimanche, dans un communiqu\u00e9. Ainsi, le service de communication de \u00ab\u00a0Ooredoo\u00a0\u00bb indique que \u00ab\u00a0cette situation est temporaire et qu\u2019elle est en voie de normalisation\u00a0\u00bb.<\/p>\n<p class=\"c10\">Selon le m\u00eame communiqu\u00e9, \u00ab\u00a0ces perturbations, dues \u00e0 un probl\u00e8me technique identifi\u00e9, sont en voie d\u2019\u00eatre r\u00e9solues par nos \u00e9quipes techniques mobilis\u00e9es afin de r\u00e9tablir la situation dans les meilleurs d\u00e9lais\u00a0\u00bb.\u00a0 \u00ab\u00a0Ooredoo\u00a0\u00bb a par ailleurs promis \u00ab\u00a0un retour \u00e0 la normale tr\u00e8s prochainement\u00a0\u00bb<\/p>\n<p class=\"c11\"><strong>R\u00e9daction Web<\/strong><\/p>\n<\/div>\n<div id=\"text_core\" readability=\"45\">\n<p class=\"c10\">L\u2019op\u00e9rateur de t\u00e9l\u00e9phonie mobile \u00ab\u00a0Ooredoo\u00a0\u00bb rassure ses clients suite aux perturbations constat\u00e9es sur son r\u00e9seau ce dimanche, dans un communiqu\u00e9. Ainsi, le service de communication de \u00ab\u00a0Ooredoo\u00a0\u00bb indique que \u00ab\u00a0cette situation est temporaire et qu\u2019elle est en voie de normalisation\u00a0\u00bb.<\/p>\n<p class=\"c10\">Selon le m\u00eame communiqu\u00e9, \u00ab\u00a0ces perturbations, dues \u00e0 un probl\u00e8me technique identifi\u00e9, sont en voie d\u2019\u00eatre r\u00e9solues par nos \u00e9quipes techniques mobilis\u00e9es afin de r\u00e9tablir la situation dans les meilleurs d\u00e9lais\u00a0\u00bb.\u00a0 \u00ab\u00a0Ooredoo\u00a0\u00bb a par ailleurs promis \u00ab\u00a0un retour \u00e0 la normale tr\u00e8s prochainement\u00a0\u00bb<\/p>\n<p class=\"c11\"><strong>R\u00e9daction Web<\/strong><\/p>\n<\/div>\n<p>Auteur:<br \/>\n<a href=\"https:\/\/www.liberte-algerie.com\/actualite\/loperateur-de-telephonie-mobile-sexplique-322054\">Cliquez ici pour lire l&rsquo;article depuis sa source.<\/a><\/p>\n","protected":false},"excerpt":{"rendered":"<p>L\u2019op\u00e9rateur de t\u00e9l\u00e9phonie mobile \u00ab\u00a0Ooredoo\u00a0\u00bb rassure ses clients suite aux perturbations constat\u00e9es sur son r\u00e9seau ce dimanche, dans un communiqu\u00e9. Ainsi, le service de communication de \u00ab\u00a0Ooredoo\u00a0\u00bb indique que \u00ab\u00a0cette situation est temporaire et qu\u2019elle est en voie de normalisation\u00a0\u00bb. Selon le m\u00eame communiqu\u00e9, \u00ab\u00a0ces perturbations, dues \u00e0 un probl\u00e8me technique identifi\u00e9, sont en voie [&hellip;]<\/p>\n","protected":false},"author":1742,"featured_media":0,"comment_status":"closed","ping_status":"closed","sticky":false,"template":"","format":"standard","meta":{"fifu_image_url":"","fifu_image_alt":"","footnotes":""},"categories":[73,53],"tags":[],"class_list":["post-58367","post","type-post","status-publish","format-standard","hentry","category-actualite","category-algerie"],"_links":{"self":[{"href":"https:\/\/linitiative.ca\/International\/wp-json\/wp\/v2\/posts\/58367","targetHints":{"allow":["GET"]}}],"collection":[{"href":"https:\/\/linitiative.ca\/International\/wp-json\/wp\/v2\/posts"}],"about":[{"href":"https:\/\/linitiative.ca\/International\/wp-json\/wp\/v2\/types\/post"}],"author":[{"embeddable":true,"href":"https:\/\/linitiative.ca\/International\/wp-json\/wp\/v2\/users\/1742"}],"replies":[{"embeddable":true,"href":"https:\/\/linitiative.ca\/International\/wp-json\/wp\/v2\/comments?post=58367"}],"version-history":[{"count":0,"href":"https:\/\/linitiative.ca\/International\/wp-json\/wp\/v2\/posts\/58367\/revisions"}],"wp:attachment":[{"href":"https:\/\/linitiative.ca\/International\/wp-json\/wp\/v2\/media?parent=58367"}],"wp:term":[{"taxonomy":"category","embeddable":true,"href":"https:\/\/linitiative.ca\/International\/wp-json\/wp\/v2\/categories?post=58367"},{"taxonomy":"post_tag","embeddable":true,"href":"https:\/\/linitiative.ca\/International\/wp-json\/wp\/v2\/tags?post=58367"}],"curies":[{"name":"wp","href":"https:\/\/api.w.org\/{rel}","templated":true}]}}