{"id":58370,"date":"2019-08-18T11:54:19","date_gmt":"2019-08-18T15:54:19","guid":{"rendered":"https:\/\/linitiative.ca\/International\/installation-du-nouveau-president-de-la-cour-dadrar\/"},"modified":"2019-08-18T11:54:19","modified_gmt":"2019-08-18T15:54:19","slug":"installation-du-nouveau-president-de-la-cour-dadrar","status":"publish","type":"post","link":"https:\/\/linitiative.ca\/International\/installation-du-nouveau-president-de-la-cour-dadrar\/","title":{"rendered":"Installation du nouveau pr\u00e9sident de la Cour d&rsquo;Adrar"},"content":{"rendered":"<div>\n<div class=\"K2FeedIntroText\">\n<p><strong>ADRAR &#8211; Le nouveau pr\u00e9sident de la Cour d\u2019Adrar, Benyamina Menouar, a \u00e9t\u00e9 install\u00e9 dimanche dans son poste en remplacement de Ma\u00e2rouf Tayeb nomm\u00e9 pr\u00e9sident de la Cour de\u00a0 Mostaganem dans le cadre du mouvement dans le corps de la magistrature proc\u00e9d\u00e9 r\u00e9cemment par le Chef de l\u2019Etat Abdelkader Bensalah.\u00a0<\/strong><\/p>\n<\/div>\n<div class=\"K2FeedFullText\">\n<p>La\u00a0 c\u00e9r\u00e9monie d\u2019installation, qui s\u2019est d\u00e9roul\u00e9e au si\u00e8ge de la Cour d\u2019Adrar, a \u00e9t\u00e9 pr\u00e9sid\u00e9e par le procureur g\u00e9n\u00e9ral pr\u00e8s la Cour supr\u00eame, Abderrahim Madjid, en qualit\u00e9 de repr\u00e9sentant du ministre de la Justice, Garde des sceaux, en pr\u00e9sence des autorit\u00e9s locales civiles et militaires de la wilaya, de parlementaires et de citoyens.<\/p>\n<p>Au cours de cette c\u00e9r\u00e9monie, le procureur g\u00e9n\u00e9ral pr\u00e8s la Cour supr\u00eame a pass\u00e9 en revue le parcours du nouveau pr\u00e9sident de la Cour d\u2019Adrar, tout en rappelant des directives du ministre de la Justice, Garde des sceaux visant \u00e0 assurer l\u2019ind\u00e9pendance de la justice pour faire face aux d\u00e9fis actuels, notamment dans la lutte contre la corruption et le jugement des corrompus.<\/p>\n<\/div>\n<\/div>\n<p>Auteur:<br \/>\n<a href=\"http:\/\/www.aps.dz\/regions\/93313-installation-du-nouveau-president-de-la-cour-d-adrar\">Cliquez ici pour lire l&rsquo;article depuis sa source.<\/a><\/p>\n","protected":false},"excerpt":{"rendered":"<p>ADRAR &#8211; Le nouveau pr\u00e9sident de la Cour d\u2019Adrar, Benyamina Menouar, a \u00e9t\u00e9 install\u00e9 dimanche dans son poste en remplacement de Ma\u00e2rouf Tayeb nomm\u00e9 pr\u00e9sident de la Cour de\u00a0 Mostaganem dans le cadre du mouvement dans le corps de la magistrature proc\u00e9d\u00e9 r\u00e9cemment par le Chef de l\u2019Etat Abdelkader Bensalah.\u00a0 La\u00a0 c\u00e9r\u00e9monie d\u2019installation, qui s\u2019est [&hellip;]<\/p>\n","protected":false},"author":1790,"featured_media":0,"comment_status":"closed","ping_status":"closed","sticky":false,"template":"","format":"standard","meta":{"fifu_image_url":"","fifu_image_alt":"","footnotes":""},"categories":[53,76],"tags":[],"class_list":["post-58370","post","type-post","status-publish","format-standard","hentry","category-algerie","category-regions"],"_links":{"self":[{"href":"https:\/\/linitiative.ca\/International\/wp-json\/wp\/v2\/posts\/58370","targetHints":{"allow":["GET"]}}],"collection":[{"href":"https:\/\/linitiative.ca\/International\/wp-json\/wp\/v2\/posts"}],"about":[{"href":"https:\/\/linitiative.ca\/International\/wp-json\/wp\/v2\/types\/post"}],"author":[{"embeddable":true,"href":"https:\/\/linitiative.ca\/International\/wp-json\/wp\/v2\/users\/1790"}],"replies":[{"embeddable":true,"href":"https:\/\/linitiative.ca\/International\/wp-json\/wp\/v2\/comments?post=58370"}],"version-history":[{"count":0,"href":"https:\/\/linitiative.ca\/International\/wp-json\/wp\/v2\/posts\/58370\/revisions"}],"wp:attachment":[{"href":"https:\/\/linitiative.ca\/International\/wp-json\/wp\/v2\/media?parent=58370"}],"wp:term":[{"taxonomy":"category","embeddable":true,"href":"https:\/\/linitiative.ca\/International\/wp-json\/wp\/v2\/categories?post=58370"},{"taxonomy":"post_tag","embeddable":true,"href":"https:\/\/linitiative.ca\/International\/wp-json\/wp\/v2\/tags?post=58370"}],"curies":[{"name":"wp","href":"https:\/\/api.w.org\/{rel}","templated":true}]}}