{"id":58373,"date":"2019-08-18T12:20:16","date_gmt":"2019-08-18T16:20:16","guid":{"rendered":"https:\/\/linitiative.ca\/International\/ouargla-degats-materiels-suite-a-un-incendie-a-leph-mohamed-boudiaf\/"},"modified":"2019-08-18T12:20:16","modified_gmt":"2019-08-18T16:20:16","slug":"ouargla-degats-materiels-suite-a-un-incendie-a-leph-mohamed-boudiaf","status":"publish","type":"post","link":"https:\/\/linitiative.ca\/International\/ouargla-degats-materiels-suite-a-un-incendie-a-leph-mohamed-boudiaf\/","title":{"rendered":"Ouargla : d\u00e9g\u00e2ts mat\u00e9riels suite \u00e0 un incendie \u00e0 l\u2019EPH Mohamed Boudiaf"},"content":{"rendered":"<div>\n<div class=\"K2FeedIntroText\">\n<p><strong>OUARGLA &#8211; Un incendie s&rsquo;est d\u00e9clar\u00e9 dimanche dans l\u2019apr\u00e8s-midi au niveau du service d\u2019oto-rhino-laryngologie (ORL) \u00e0 l\u2019Etablissement public hospitalier (EPH-Mohamed Boudiaf) d\u2019Ouargla, a-t-on appris des responsables de cette structure de sant\u00e9.<\/strong><\/p>\n<\/div>\n<div class=\"K2FeedFullText\">\n<p>\u00ab\u00a0Heureusement il n&rsquo;y a pas eu de victimes ni de bless\u00e9s, mais uniquement certains d\u00e9g\u00e2ts mat\u00e9riels ont \u00e9t\u00e9 enregistr\u00e9s dans une partie du service d\u2019ORL\u00a0\u00bb, a pr\u00e9cis\u00e9 \u00e0 l\u2019APS le surveillant g\u00e9n\u00e9ral \u00e0 l\u2019h\u00f4pital, Mohamed Kamar-Ezzamane Zekri, ajoutant que \u00ab\u00a0l&rsquo;incendie a \u00e9t\u00e9 ma\u00eetris\u00e9 et tout risque a \u00e9t\u00e9 \u00e9cart\u00e9 gr\u00e2ce \u00e0 l&rsquo;intervention rapide des sapeurs-pompiers\u00a0\u00bb.<\/p>\n<p>D\u2019importants moyens humains et mat\u00e9riels ont \u00e9t\u00e9 mobilis\u00e9s par les services de la protection civile pour emp\u00eacher la propagation du feu, a-t-on indiqu\u00e9 de m\u00eame responsable.<\/p>\n<p>Une enqu\u00eate a \u00e9t\u00e9 ouverte par les services comp\u00e9tents pour d\u00e9terminer les causes exactes de l&rsquo;incendie.<\/p>\n<\/div>\n<\/div>\n<p>Auteur:<br \/>\n<a href=\"http:\/\/www.aps.dz\/regions\/93315-ouargla-degats-materiels-suite-a-un-incendie-a-l-eph-mohamed-boudiaf\">Cliquez ici pour lire l&rsquo;article depuis sa source.<\/a><\/p>\n","protected":false},"excerpt":{"rendered":"<p>OUARGLA &#8211; Un incendie s&rsquo;est d\u00e9clar\u00e9 dimanche dans l\u2019apr\u00e8s-midi au niveau du service d\u2019oto-rhino-laryngologie (ORL) \u00e0 l\u2019Etablissement public hospitalier (EPH-Mohamed Boudiaf) d\u2019Ouargla, a-t-on appris des responsables de cette structure de sant\u00e9. \u00ab\u00a0Heureusement il n&rsquo;y a pas eu de victimes ni de bless\u00e9s, mais uniquement certains d\u00e9g\u00e2ts mat\u00e9riels ont \u00e9t\u00e9 enregistr\u00e9s dans une partie du service [&hellip;]<\/p>\n","protected":false},"author":1790,"featured_media":0,"comment_status":"closed","ping_status":"closed","sticky":false,"template":"","format":"standard","meta":{"fifu_image_url":"","fifu_image_alt":"","footnotes":""},"categories":[53,76],"tags":[],"class_list":["post-58373","post","type-post","status-publish","format-standard","hentry","category-algerie","category-regions"],"_links":{"self":[{"href":"https:\/\/linitiative.ca\/International\/wp-json\/wp\/v2\/posts\/58373","targetHints":{"allow":["GET"]}}],"collection":[{"href":"https:\/\/linitiative.ca\/International\/wp-json\/wp\/v2\/posts"}],"about":[{"href":"https:\/\/linitiative.ca\/International\/wp-json\/wp\/v2\/types\/post"}],"author":[{"embeddable":true,"href":"https:\/\/linitiative.ca\/International\/wp-json\/wp\/v2\/users\/1790"}],"replies":[{"embeddable":true,"href":"https:\/\/linitiative.ca\/International\/wp-json\/wp\/v2\/comments?post=58373"}],"version-history":[{"count":0,"href":"https:\/\/linitiative.ca\/International\/wp-json\/wp\/v2\/posts\/58373\/revisions"}],"wp:attachment":[{"href":"https:\/\/linitiative.ca\/International\/wp-json\/wp\/v2\/media?parent=58373"}],"wp:term":[{"taxonomy":"category","embeddable":true,"href":"https:\/\/linitiative.ca\/International\/wp-json\/wp\/v2\/categories?post=58373"},{"taxonomy":"post_tag","embeddable":true,"href":"https:\/\/linitiative.ca\/International\/wp-json\/wp\/v2\/tags?post=58373"}],"curies":[{"name":"wp","href":"https:\/\/api.w.org\/{rel}","templated":true}]}}