{"id":58374,"date":"2019-08-18T13:46:16","date_gmt":"2019-08-18T17:46:16","guid":{"rendered":"https:\/\/linitiative.ca\/International\/blida-installation-du-nouveau-president-de-la-cour-et-du-procureur-general\/"},"modified":"2019-08-18T13:46:16","modified_gmt":"2019-08-18T17:46:16","slug":"blida-installation-du-nouveau-president-de-la-cour-et-du-procureur-general","status":"publish","type":"post","link":"https:\/\/linitiative.ca\/International\/blida-installation-du-nouveau-president-de-la-cour-et-du-procureur-general\/","title":{"rendered":"Blida: installation du nouveau pr\u00e9sident de la Cour et du  procureur g\u00e9n\u00e9ral"},"content":{"rendered":"<div>\n<div class=\"K2FeedIntroText\">\n<p><strong>BLIDA- Le secr\u00e9taire g\u00e9n\u00e9ral du minist\u00e8re de la Justice, Mohamed Zougar, a pr\u00e9sid\u00e9, dimanche, la c\u00e9r\u00e9monie d&rsquo;installation de M. Bensalem Abderrezak, \u00e0 la t\u00eate de la Cour de Blida et M. Djaad Cherif au poste de Procureur g\u00e9n\u00e9ral \u00e0 la m\u00eame Cour.<\/strong><\/p>\n<\/div>\n<div class=\"K2FeedFullText\">\n<p>Cette installation intervient dans le cadre du mouvement dans le corps de la magistrature proc\u00e9d\u00e9 r\u00e9cemment par le Chef de l\u2019Etat Abdelkader Bensalah.\u00a0<\/p>\n<p>Pronon\u00e7ant une allocution \u00e0 l&rsquo;occasion de la c\u00e9r\u00e9monie d&rsquo;installation des nouveaux responsables, M. Zougar a fait \u00e9tat \u00ab\u00a0des charges et des nouvelles missions confi\u00e9es \u00e0 l&rsquo;ensemble des cadres et des fonctionnaires du secteur de la Justice lors de cette \u00e9tape d\u00e9cisive que traverse le pays actuellement o\u00f9 la lutte contre la corruption sous toutes ses formes et le recouvrement des fonds d\u00e9tourn\u00e9s constituent l&rsquo;une des priorit\u00e9s urgentes\u00a0\u00bb.<\/p>\n<p>Le m\u00eame responsable a soulign\u00e9 le soucis du secteur de la Justice de \u00ab\u00a0parvenir \u00e0 un syst\u00e8me judiciaire moderne \u0153uvrant avec flexibilit\u00e9, facilit\u00e9 et pr\u00e9cision, et lequel devra prot\u00e9ger et rassurer les citoyens tout en r\u00e9alisant la compl\u00e9mentarit\u00e9 avec le reste des institutions de l&rsquo;Etat\u00a0\u00bb.<\/p>\n<p>Il a appel\u00e9 les nouveaux responsables \u00e0 oeuvrer \u00e0 la r\u00e9alisation \u00ab\u00a0de l&rsquo;ind\u00e9pendance du pouvoir judiciaire et \u00e0 s&rsquo;acquitter de leur devoirs constitutionnels et juridiques avec objectivit\u00e9, transparence et impartialit\u00e9, tout en respectant l&rsquo;\u00e9thique professionnelle\u00a0\u00bb.<\/p>\n<ol>\n<li>Zougar a pass\u00e9 en revue le long parcours professionnel des deux nouveaux responsables et les diff\u00e9rents postes qu&rsquo;ils ont occup\u00e9s.<\/li>\n<\/ol>\n<p>Le m\u00eame responsable a salu\u00e9, dans ce sens, les efforts de l&rsquo;ancien pr\u00e9sident de la Cour, M. Djimani Mohamed, et l&rsquo;ancien Procureur g\u00e9n\u00e9ral, M. Chaalal Mourad, et les r\u00e9sultats r\u00e9alis\u00e9s durant les ann\u00e9es o\u00f9 ils assumaient leurs fonctions.<\/p>\n<\/div>\n<\/div>\n<p>Auteur:<br \/>\n<a href=\"http:\/\/www.aps.dz\/regions\/93319-blida-installation-du-nouveau-president-de-la-cour-et-du-procureur-general\">Cliquez ici pour lire l&rsquo;article depuis sa source.<\/a><\/p>\n","protected":false},"excerpt":{"rendered":"<p>BLIDA- Le secr\u00e9taire g\u00e9n\u00e9ral du minist\u00e8re de la Justice, Mohamed Zougar, a pr\u00e9sid\u00e9, dimanche, la c\u00e9r\u00e9monie d&rsquo;installation de M. Bensalem Abderrezak, \u00e0 la t\u00eate de la Cour de Blida et M. Djaad Cherif au poste de Procureur g\u00e9n\u00e9ral \u00e0 la m\u00eame Cour. Cette installation intervient dans le cadre du mouvement dans le corps de la [&hellip;]<\/p>\n","protected":false},"author":1790,"featured_media":0,"comment_status":"closed","ping_status":"closed","sticky":false,"template":"","format":"standard","meta":{"fifu_image_url":"","fifu_image_alt":"","footnotes":""},"categories":[53,76],"tags":[],"class_list":["post-58374","post","type-post","status-publish","format-standard","hentry","category-algerie","category-regions"],"_links":{"self":[{"href":"https:\/\/linitiative.ca\/International\/wp-json\/wp\/v2\/posts\/58374","targetHints":{"allow":["GET"]}}],"collection":[{"href":"https:\/\/linitiative.ca\/International\/wp-json\/wp\/v2\/posts"}],"about":[{"href":"https:\/\/linitiative.ca\/International\/wp-json\/wp\/v2\/types\/post"}],"author":[{"embeddable":true,"href":"https:\/\/linitiative.ca\/International\/wp-json\/wp\/v2\/users\/1790"}],"replies":[{"embeddable":true,"href":"https:\/\/linitiative.ca\/International\/wp-json\/wp\/v2\/comments?post=58374"}],"version-history":[{"count":0,"href":"https:\/\/linitiative.ca\/International\/wp-json\/wp\/v2\/posts\/58374\/revisions"}],"wp:attachment":[{"href":"https:\/\/linitiative.ca\/International\/wp-json\/wp\/v2\/media?parent=58374"}],"wp:term":[{"taxonomy":"category","embeddable":true,"href":"https:\/\/linitiative.ca\/International\/wp-json\/wp\/v2\/categories?post=58374"},{"taxonomy":"post_tag","embeddable":true,"href":"https:\/\/linitiative.ca\/International\/wp-json\/wp\/v2\/tags?post=58374"}],"curies":[{"name":"wp","href":"https:\/\/api.w.org\/{rel}","templated":true}]}}