{"id":58375,"date":"2019-08-18T13:49:05","date_gmt":"2019-08-18T17:49:05","guid":{"rendered":"https:\/\/linitiative.ca\/International\/installation-des-nouveaux-presidents-et-procureur-de-la-cour-de-jijel\/"},"modified":"2019-08-18T13:49:05","modified_gmt":"2019-08-18T17:49:05","slug":"installation-des-nouveaux-presidents-et-procureur-de-la-cour-de-jijel","status":"publish","type":"post","link":"https:\/\/linitiative.ca\/International\/installation-des-nouveaux-presidents-et-procureur-de-la-cour-de-jijel\/","title":{"rendered":"Installation des nouveaux pr\u00e9sidents et procureur de la Cour de Jijel"},"content":{"rendered":"<div>\n<div class=\"K2FeedIntroText\">\n<p><strong>JIJEL- L&rsquo;adjoint du premier pr\u00e9sident de\u00a0 la Cour supr\u00eame, Nadir Bouziani, a proc\u00e9d\u00e9 dimanche en qualit\u00e9 de repr\u00e9sentant du ministre de la Justice, Garde des sceaux, \u00e0 l\u2019installation des nouveaux pr\u00e9sident et procureur g\u00e9n\u00e9ral de la Cour de Jijel, Abdelkhalek Bencheikh et Mouloud Benyahia en remplacement de Ali Bouchafai et Lotfi Boudjema\u00e2, appel\u00e9s \u00e0 d\u2019autres fonctions.<\/strong><\/p>\n<\/div>\n<div class=\"K2FeedFullText\">\n<p>Au cours de cette c\u00e9r\u00e9monie qui s\u2019est d\u00e9roul\u00e9e au si\u00e8ge de la Cour de Jijel, en pr\u00e9sence des autorit\u00e9s locales civiles et militaires de la wilaya, M. Bouziani a indiqu\u00e9 que \u00ab\u00a0ces nominations qui s&rsquo;inscrivent dans le cadre du mouvement op\u00e9r\u00e9 dans le corps de la magistrature par le Chef de l\u2019Etat visent \u00e0 donner une nouvelle dynamique au secteur de la justice de mani\u00e8re \u00e0 r\u00e9ponde aux exigences de ses missions d\u00e9licates, en particulier au cours de cette conjoncture que traverse le pays\u00a0\u00bb.<\/p>\n<p>Il a \u00e9galement relev\u00e9 \u00ab\u00a0le poids des t\u00e2ches\u00a0\u00bb incombant aux nouveaux pr\u00e9sidents et procureur g\u00e9n\u00e9ral de la Cour de Jijel ainsi qu\u2019aux juges et assistants de la m\u00eame structure judiciaire, en particulier, a-t-il soutenu, \u00ab\u00a0dans cette p\u00e9riode cruciale, caract\u00e9rise par la lutte contre la corruption et le rapatriement des fonds d\u00e9tourn\u00e9s\u00a0\u00bb.<\/p>\n<p>Bouziani a \u00e9galement rappel\u00e9 les d\u00e9fis qui attendent le secteur de la justice, appel\u00e9 \u00e0 \u0153uvrer pour \u00ab\u00a0une justice citoyenne, moderne, flexible et de proximit\u00e9\u00a0\u00bb.<\/p>\n<p>\u00a0<\/p>\n<\/div>\n<\/div>\n<p>Auteur:<br \/>\n<a href=\"http:\/\/www.aps.dz\/regions\/93320-installation-des-nouveaux-presidents-et-procureur-de-la-cour-de-jijel\">Cliquez ici pour lire l&rsquo;article depuis sa source.<\/a><\/p>\n","protected":false},"excerpt":{"rendered":"<p>JIJEL- L&rsquo;adjoint du premier pr\u00e9sident de\u00a0 la Cour supr\u00eame, Nadir Bouziani, a proc\u00e9d\u00e9 dimanche en qualit\u00e9 de repr\u00e9sentant du ministre de la Justice, Garde des sceaux, \u00e0 l\u2019installation des nouveaux pr\u00e9sident et procureur g\u00e9n\u00e9ral de la Cour de Jijel, Abdelkhalek Bencheikh et Mouloud Benyahia en remplacement de Ali Bouchafai et Lotfi Boudjema\u00e2, appel\u00e9s \u00e0 d\u2019autres [&hellip;]<\/p>\n","protected":false},"author":1790,"featured_media":0,"comment_status":"closed","ping_status":"closed","sticky":false,"template":"","format":"standard","meta":{"fifu_image_url":"","fifu_image_alt":"","footnotes":""},"categories":[53,76],"tags":[],"class_list":["post-58375","post","type-post","status-publish","format-standard","hentry","category-algerie","category-regions"],"_links":{"self":[{"href":"https:\/\/linitiative.ca\/International\/wp-json\/wp\/v2\/posts\/58375","targetHints":{"allow":["GET"]}}],"collection":[{"href":"https:\/\/linitiative.ca\/International\/wp-json\/wp\/v2\/posts"}],"about":[{"href":"https:\/\/linitiative.ca\/International\/wp-json\/wp\/v2\/types\/post"}],"author":[{"embeddable":true,"href":"https:\/\/linitiative.ca\/International\/wp-json\/wp\/v2\/users\/1790"}],"replies":[{"embeddable":true,"href":"https:\/\/linitiative.ca\/International\/wp-json\/wp\/v2\/comments?post=58375"}],"version-history":[{"count":0,"href":"https:\/\/linitiative.ca\/International\/wp-json\/wp\/v2\/posts\/58375\/revisions"}],"wp:attachment":[{"href":"https:\/\/linitiative.ca\/International\/wp-json\/wp\/v2\/media?parent=58375"}],"wp:term":[{"taxonomy":"category","embeddable":true,"href":"https:\/\/linitiative.ca\/International\/wp-json\/wp\/v2\/categories?post=58375"},{"taxonomy":"post_tag","embeddable":true,"href":"https:\/\/linitiative.ca\/International\/wp-json\/wp\/v2\/tags?post=58375"}],"curies":[{"name":"wp","href":"https:\/\/api.w.org\/{rel}","templated":true}]}}