{"id":58389,"date":"2019-08-18T09:30:21","date_gmt":"2019-08-18T13:30:21","guid":{"rendered":"https:\/\/linitiative.ca\/International\/93304-jeux-africains-2019-athletisme-nous-tablons-sur-cinq-epreuves-pour-des-medailles\/"},"modified":"2019-08-18T09:30:21","modified_gmt":"2019-08-18T13:30:21","slug":"93304-jeux-africains-2019-athletisme-nous-tablons-sur-cinq-epreuves-pour-des-medailles","status":"publish","type":"post","link":"https:\/\/linitiative.ca\/International\/93304-jeux-africains-2019-athletisme-nous-tablons-sur-cinq-epreuves-pour-des-medailles\/","title":{"rendered":"Jeux africains 2019 \/ Athl\u00e9tisme: \u00ab\u00a0Nous tablons sur cinq \u00e9preuves pour des m\u00e9dailles\u00a0\u00bb"},"content":{"rendered":"<div>\n<div class=\"K2FeedImage\"><img decoding=\"async\" src=\"http:\/\/www.aps.dz\/media\/k2\/items\/cache\/1c123c81f3004c53d40e60d8fa81bec2_S.jpg\" alt=\"Jeux africains 2019 \/ Athl\u00e9tisme: \" nous tablons sur cinq pour des m><\/div>\n<div class=\"K2FeedIntroText\">\n<p><strong>ALGER &#8211; Le Directeur technique national (DTN) de la F\u00e9d\u00e9ration alg\u00e9rienne d&rsquo;athl\u00e9tisme (FAA), Abderrahmane Morceli, a indiqu\u00e9 que son instance tablait sur cinq \u00e9preuves pour d\u00e9crocher des m\u00e9dailles lors des prochains Jeux africains (JA) pr\u00e9vus au Maroc du 19 au 31 ao\u00fbt.<\/strong><\/p>\n<\/div>\n<div class=\"K2FeedFullText\">\n<p>\u00ab\u00a0Nous tablons sur des m\u00e9dailles dans le 400m haies, le triple saut, le d\u00e9cathlon, le saut \u00e0 la perche et le marteau. Nous avons r\u00e9duit le nombre d&rsquo;athl\u00e8tes pr\u00e9sents \u00e0 ce rendez-vous pour assurer une participation de qualit\u00e9\u00a0\u00bb, a affirm\u00e9 \u00e0 l&rsquo;APS le DTN.<\/p>\n<p>En vue de cette manifestation continentale, des athl\u00e8tes ont effectu\u00e9 des stages \u00e0 l&rsquo;\u00e9tranger, en plus de leur participation \u00e0 des meetings internationaux \u00e0 l&rsquo;image d&rsquo;Abdelmalek Lahoulou (400 m haies), Yasser Mohamed Tahar Triki (triple saut), Zouina Bouzebra (marteau) et Hicham Khalil Charabi (perche).<\/p>\n<p>Le fr\u00e8re et entra\u00eeneur de l&rsquo;ancien champion olympique Noureddine Morceli a estim\u00e9 que le niveau sera \u00ab\u00a0tr\u00e8s \u00e9lev\u00e9\u00a0\u00bb aux \u00e9preuves d&rsquo;athl\u00e9tisme de ces Jeux africains : \u00ab\u00a0La concurrence sera rude. L&rsquo;athl\u00e9tisme alg\u00e9rien est en net recul, c&rsquo;est ce que nous avons d&rsquo;ailleurs constat\u00e9 lors du Championnat national Open, \u00e0 l&rsquo;exception de certains athl\u00e8tes comme Lahoulou\u00a0\u00bb.<\/p>\n<hr>\n<p><em><strong>Lire aussi: <a href=\"http:\/\/www.aps.dz\/sport\/93268-championnats-d-afrique-d-athletisme-seniors-alger-accueillera-la-competition-en-2020\">Jeux africains 2019 \/ Athl\u00e9tisme: \u00ab\u00a0Nous tablons sur cinq \u00e9preuves pour des m\u00e9dailles\u00a0\u00bb<\/a><\/strong><\/em><\/p>\n<hr>\n<p>Aux Jeux africains-2019, l&rsquo;Alg\u00e9rie sera repr\u00e9sent\u00e9e par 11 athl\u00e8tes, dont trois filles. Les comp\u00e9titions d&rsquo;athl\u00e9tisme auront lieu du 26 au 30 ao\u00fbt au complexe sportif Prince Moulay-Abdellah de la capitale Rabat.<\/p>\n<p>Le choix a \u00e9t\u00e9 effectu\u00e9 par la DTN selon des minima fix\u00e9s initialement par cette structure, le minist\u00e8re de la Jeunesse et des Sports, dans une nouvelle strat\u00e9gie, ne voulant faire participer que les sportifs capables de d\u00e9crocher des m\u00e9dailles.<\/p>\n<p>La d\u00e9l\u00e9gation alg\u00e9rienne d&rsquo;athl\u00e9tisme comprend des athl\u00e8tes qui ont assur\u00e9 d\u00e9j\u00e0 leur participation aux prochains Mondiaux-2019 de Doha (28 septembre &#8211; 6 octobre), en l&rsquo;occurrence Mohamed Belbachir (800 m) et Billel Tabti (3000 m steeple). Le rendez-vous de Rabat constitue ainsi une \u00e9tape pr\u00e9paratoire pour ces athl\u00e8tes en vue des Championnats du monde.<\/p>\n<p>Lors des JA-2015 disput\u00e9s \u00e0 Brazzaville (Congo), l&rsquo;athl\u00e9tisme alg\u00e9rien avait remport\u00e9 notamment deux m\u00e9dailles d&rsquo;or gr\u00e2ce \u00e0 Lahoulou et Charabi.\u00a0\u00a0\u00a0\u00a0\u00a0\u00a0\u00a0\u00a0\u00a0\u00a0\u00a0<\/p>\n<p>\u00a0<\/p>\n<p><span style=\"font-size: 14pt;\"><strong>Liste des athl\u00e8tes retenus pour les Jeux africains :<\/strong><\/span><\/p>\n<p>\u00a0<\/p>\n<p><strong>Messieurs :<\/strong> Larbi Bourrada (d\u00e9cathlon), Abdelmalek Lahoulou (400 m haies), Yasser Mohamed Tahar Triki (triple saut), Lyes Mokdal, Mohamed Amine Bouanani (110 m haies), Hicham Khalil Charabi (perche), Mohamed Belbachir (800 0m), Billel Tabti (3000 m steeple).<\/p>\n<p>\u00a0<\/p>\n<p><strong>Dames :<\/strong> Souad Azzi (20 km marche), Zouina Bouzebra (marteau), Loubna Benhadja (400 m haies).<\/p>\n<\/div>\n<p><img loading=\"lazy\" decoding=\"async\" src=\"http:\/\/feeds.feedburner.com\/~r\/aps-sport\/~4\/6ncIW5kU2j0\" height=\"1\" width=\"1\" alt=\"\"><\/div>\n<p>Auteur:<br \/>\n<a href=\"http:\/\/www.aps.dz\/sport\/93304-jeux-africains-2019-athletisme-nous-tablons-sur-cinq-epreuves-pour-des-medailles?utm_source=feedburner&#038;utm_medium=feed&#038;utm_campaign=Feed%3A+aps-sport+%28APS+-+SPORT%29\">Cliquez ici pour lire l&rsquo;article depuis sa source.<\/a><\/p>\n","protected":false},"excerpt":{"rendered":"<p>ALGER &#8211; Le Directeur technique national (DTN) de la F\u00e9d\u00e9ration alg\u00e9rienne d&rsquo;athl\u00e9tisme (FAA), Abderrahmane Morceli, a indiqu\u00e9 que son instance tablait sur cinq \u00e9preuves pour d\u00e9crocher des m\u00e9dailles lors des prochains Jeux africains (JA) pr\u00e9vus au Maroc du 19 au 31 ao\u00fbt. \u00ab\u00a0Nous tablons sur des m\u00e9dailles dans le 400m haies, le triple saut, le [&hellip;]<\/p>\n","protected":false},"author":1790,"featured_media":58390,"comment_status":"closed","ping_status":"closed","sticky":false,"template":"","format":"standard","meta":{"fifu_image_url":"","fifu_image_alt":"","footnotes":""},"categories":[53,75],"tags":[],"class_list":["post-58389","post","type-post","status-publish","format-standard","has-post-thumbnail","hentry","category-algerie","category-sport"],"_links":{"self":[{"href":"https:\/\/linitiative.ca\/International\/wp-json\/wp\/v2\/posts\/58389","targetHints":{"allow":["GET"]}}],"collection":[{"href":"https:\/\/linitiative.ca\/International\/wp-json\/wp\/v2\/posts"}],"about":[{"href":"https:\/\/linitiative.ca\/International\/wp-json\/wp\/v2\/types\/post"}],"author":[{"embeddable":true,"href":"https:\/\/linitiative.ca\/International\/wp-json\/wp\/v2\/users\/1790"}],"replies":[{"embeddable":true,"href":"https:\/\/linitiative.ca\/International\/wp-json\/wp\/v2\/comments?post=58389"}],"version-history":[{"count":0,"href":"https:\/\/linitiative.ca\/International\/wp-json\/wp\/v2\/posts\/58389\/revisions"}],"wp:featuredmedia":[{"embeddable":true,"href":"https:\/\/linitiative.ca\/International\/wp-json\/"}],"wp:attachment":[{"href":"https:\/\/linitiative.ca\/International\/wp-json\/wp\/v2\/media?parent=58389"}],"wp:term":[{"taxonomy":"category","embeddable":true,"href":"https:\/\/linitiative.ca\/International\/wp-json\/wp\/v2\/categories?post=58389"},{"taxonomy":"post_tag","embeddable":true,"href":"https:\/\/linitiative.ca\/International\/wp-json\/wp\/v2\/tags?post=58389"}],"curies":[{"name":"wp","href":"https:\/\/api.w.org\/{rel}","templated":true}]}}