{"id":58408,"date":"2019-08-18T09:59:00","date_gmt":"2019-08-18T13:59:00","guid":{"rendered":"https:\/\/linitiative.ca\/International\/hommage-a-jacques-diouf-ancien-directeur-general-de-la-fao-et-defenseur-des-paysans-du-monde\/"},"modified":"2019-08-18T09:59:00","modified_gmt":"2019-08-18T13:59:00","slug":"hommage-a-jacques-diouf-ancien-directeur-general-de-la-fao-et-defenseur-des-paysans-du-monde","status":"publish","type":"post","link":"https:\/\/linitiative.ca\/International\/hommage-a-jacques-diouf-ancien-directeur-general-de-la-fao-et-defenseur-des-paysans-du-monde\/","title":{"rendered":"Hommage \u00e0 Jacques Diouf, ancien Directeur g\u00e9n\u00e9ral de la FAO et d\u00e9fenseur des paysans du monde"},"content":{"rendered":"<p><span class=\"c2\"><strong><img loading=\"lazy\" decoding=\"async\" src=\"\/uploads\/FCK_files\/Majid.jpg\" width=\"200\" height=\"200\" vspace=\"5\" hspace=\"5\" border=\"5\" align=\"left\" alt=\"\"\/>Par Majid Chaar, ancien directeur des M\u00e9dias \u00e0 la FAO<\/strong><\/span> &#8211; L\u2019homme politique et diplomate s\u00e9n\u00e9galais qui f\u00fbt Directeur g\u00e9n\u00e9ral de la FAO (Organisation des Nations Unis pour l\u2019Alimentation et l\u2019Agriculture) de 1994 \u00e0 2011, est d\u00e9c\u00e9d\u00e9 hier, \u00e0 l\u2019\u00e2ge de 81 ans, a annonc\u00e9 le Pr\u00e9sident s\u00e9n\u00e9galais Macky Sall.<\/p>\n<h2>Le dernier des \u00ab\u00a0Tiers \u2013mondistes\u00a0\u00bb<\/h2>\n<p>L\u2019Afrique et le monde en d\u00e9veloppement viennent de perdre un de leurs plus valeureux d\u00e9fenseurs qui a apport\u00e9 une contribution notable \u00e0 l\u2019am\u00e9lioration de la s\u00e9curit\u00e9 alimentaire mondiale. Dix huit ans durant, alors qu\u2019une crise chasse l\u2019autre et les urgences du jour \u00e9clipsent la priorit\u00e9 de la veille, j\u2019ai pu c\u00f4toyer, au quotidien, ce militant infatigable de la lutte contre la faim et les in\u00e9galit\u00e9s sociales dans le monde.<\/p>\n<p>Cet illustre pionnier de la recherche agronomique au S\u00e9n\u00e9gal, Ministre de la recherche scientifique du Pr\u00e9sident L\u00e9opold Senghor, a \u00e9t\u00e9 le premier africain \u00e0 \u00eatre \u00e9lu \u00e0 la t\u00eate de la FAO.<\/p>\n<p>Au palais de marbre blanc, aux Thermes de Caracalla , \u00e0 Rome, il a apport\u00e9 une chaleur communicative , un sens aigu\u00a0 de l\u2019importance de l\u2019\u00a0\u00ab\u00a0humain\u00a0\u00bb dans le d\u00e9veloppement et surtout, une vision strat\u00e9gique de la lutte contre la faim\u00a0 \u00e0 laquelle\u00a0 il a associ\u00e9 les Chefs d\u2019Etats des pays nantis et d\u00e9munis , en convoquant quatre sommets mondiaux sur cette trag\u00e9die humaine qui touche plus\u00a0 d\u2019un milliard de personnes.<\/p>\n<p>Pour lui, il \u00e9tait essentiel que \u00ab\u00a0la volont\u00e9 politique\u00a0\u00bb puisse se traduire dans les faits, notamment en acc\u00e9l\u00e9rant la mobilisation des ressources n\u00e9cessaires pour l\u2019acc\u00e8s de chaque pays \u00e0 la s\u00e9curit\u00e9 alimentaire, tant en quantit\u00e9 qu\u2019en qualit\u00e9.<\/p>\n<h2>Le sens d\u2019une mission impossible<\/h2>\n<p>Pendant 18 ans, \u00e0 la t\u00eate de la FAO, ce natif de Saint Louis du S\u00e9n\u00e9gal, docteur en sciences rurales, a eu comme seul credo, le lutte contre le plus grand scandale du monde, la faim.<\/p>\n<p>Durant nos p\u00e9riples \u00e0 travers le monde, et alors que la famine s\u00e9vissait en Afrique, il m\u2019avait dit \u00ab\u00a0ne pas supporter\u00a0 cette image d\u2019un enfant squelettique qui meurt toutes les six secondes \u00e0 cause des probl\u00e8mes\u00a0 li\u00e9s \u00e0 la malnutrition\u00a0! Nous ne souhaiterions pas ce sort \u00e0 nos enfants, et je ne vois pas pourquoi on accepterait \u00e7\u00e0 pour les enfants des autres\u00a0\u00bb.<\/p>\n<h2>Traduire la volont\u00e9 politique en action concert\u00e9e<\/h2>\n<p>Devant les Chefs d\u2019Etats participant aux G8 successifs ou s\u2019adressant aux ministres et repr\u00e9sentant des 196 pays membres de la FAO, Jacques Diouf a toujours plaid\u00e9 pour un franc\u2013parler politique, m\u00eame quand il est assimil\u00e9, par certain pays riche, comme un \u00ab\u00a0J\u2019accuse\u00a0!\u00a0\u00bb.<\/p>\n<p>\u00ab\u00a0La faim est un probl\u00e8me politique et \u00e9conomique, cons\u00e9quence d\u2019une r\u00e9partition in\u00e9quitable des richesses. Aujourd\u2019hui, la plan\u00e8te produit suffisamment d\u2019aliments pour que tous ses habitants puissent se nourrir convenablement. Ce qui manque c\u2019est la volont\u00e9 politique.\u00bb<\/p>\n<p>Aujourd\u2019hui, force est de constater que, sur 6.3 milliards d\u2019hommes, 2 milliards ne mangent pas \u00e0 leur faim.<\/p>\n<h2>Un sage africain, un \u00ab\u00a0gourou \u00bb moderne<\/h2>\n<p>En \u00ab\u00a0Globe trotter\u00a0\u00bb, il n\u2019a \u00e9pargn\u00e9 aucun effort pour mobiliser le secteur priv\u00e9, sensibiliser les Chefs d\u2019Etats et les c\u00e9l\u00e9brit\u00e9s mondiales pour plaider la cause des pauvres et lancer des op\u00e9rations m\u00e9diatiques spectaculaires pour r\u00e9colter des fonds.<\/p>\n<p>Admiratif de la Tunisie de Bourguiba, fervent croyant et citoyen du monde, cet humaniste universel a \u2013 ind\u00e9niablement \u2013 apport\u00e9 une contribution notable \u00e0 l\u2019am\u00e9lioration de la s\u00e9curit\u00e9 alimentaire mondiale, et la communaut\u00e9 internationale, lui rend aujourd\u2019hui, un hommage particulier, pour se conduite remarquable, son engagement personnel et son infatigable plaidoyer en faveur du premier des droits de l\u2019homme, celui de manger \u00e0 sa faim.<\/p>\n<p><strong>Majid Chaar,<\/strong> <em>(FAO)<\/em><\/p>\n<p>\u00a0\u00a0\u00a0\u00a0\u00a0\u00a0\u00a0\u00a0\u00a0\u00a0\u00a0\u00a0\u00a0\u00a0\u00a0\u00a0\u00a0\u00a0\u00a0\u00a0\u00a0\u00a0\u00a0\u00a0\u00a0\u00a0\u00a0\u00a0\u00a0\u00a0\u00a0\u00a0\u00a0\u00a0\u00a0\u00a0\u00a0\u00a0\u00a0\u00a0\u00a0\u00a0\u00a0\u00a0<br \/>\u00a0<\/p>\n<p>Auteur:<br \/>\n<a href=\"https:\/\/www.leaders.com.tn\/article\/27763-hommage-a-jacques-diouf-ancien-directeur-general-de-la-fao-et-defenseur-des-paysans-du-monde\">Cliquez ici pour lire l&rsquo;article depuis sa source.<\/a><\/p>\n","protected":false},"excerpt":{"rendered":"<p>Par Majid Chaar, ancien directeur des M\u00e9dias \u00e0 la FAO &#8211; L\u2019homme politique et diplomate s\u00e9n\u00e9galais qui f\u00fbt Directeur g\u00e9n\u00e9ral de la FAO (Organisation des Nations Unis pour l\u2019Alimentation et l\u2019Agriculture) de 1994 \u00e0 2011, est d\u00e9c\u00e9d\u00e9 hier, \u00e0 l\u2019\u00e2ge de 81 ans, a annonc\u00e9 le Pr\u00e9sident s\u00e9n\u00e9galais Macky Sall. Le dernier des \u00ab\u00a0Tiers \u2013mondistes\u00a0\u00bb [&hellip;]<\/p>\n","protected":false},"author":1772,"featured_media":58409,"comment_status":"closed","ping_status":"closed","sticky":false,"template":"","format":"standard","meta":{"fifu_image_url":"","fifu_image_alt":"","footnotes":""},"categories":[73,55],"tags":[],"class_list":["post-58408","post","type-post","status-publish","format-standard","has-post-thumbnail","hentry","category-actualite","category-tunisie"],"_links":{"self":[{"href":"https:\/\/linitiative.ca\/International\/wp-json\/wp\/v2\/posts\/58408","targetHints":{"allow":["GET"]}}],"collection":[{"href":"https:\/\/linitiative.ca\/International\/wp-json\/wp\/v2\/posts"}],"about":[{"href":"https:\/\/linitiative.ca\/International\/wp-json\/wp\/v2\/types\/post"}],"author":[{"embeddable":true,"href":"https:\/\/linitiative.ca\/International\/wp-json\/wp\/v2\/users\/1772"}],"replies":[{"embeddable":true,"href":"https:\/\/linitiative.ca\/International\/wp-json\/wp\/v2\/comments?post=58408"}],"version-history":[{"count":0,"href":"https:\/\/linitiative.ca\/International\/wp-json\/wp\/v2\/posts\/58408\/revisions"}],"wp:featuredmedia":[{"embeddable":true,"href":"https:\/\/linitiative.ca\/International\/wp-json\/"}],"wp:attachment":[{"href":"https:\/\/linitiative.ca\/International\/wp-json\/wp\/v2\/media?parent=58408"}],"wp:term":[{"taxonomy":"category","embeddable":true,"href":"https:\/\/linitiative.ca\/International\/wp-json\/wp\/v2\/categories?post=58408"},{"taxonomy":"post_tag","embeddable":true,"href":"https:\/\/linitiative.ca\/International\/wp-json\/wp\/v2\/tags?post=58408"}],"curies":[{"name":"wp","href":"https:\/\/api.w.org\/{rel}","templated":true}]}}