{"id":58410,"date":"2019-08-18T13:45:00","date_gmt":"2019-08-18T17:45:00","guid":{"rendered":"https:\/\/linitiative.ca\/International\/mokhtar-el-khlifi-sauvons-notre-pays\/"},"modified":"2019-08-18T13:45:00","modified_gmt":"2019-08-18T17:45:00","slug":"mokhtar-el-khlifi-sauvons-notre-pays","status":"publish","type":"post","link":"https:\/\/linitiative.ca\/International\/mokhtar-el-khlifi-sauvons-notre-pays\/","title":{"rendered":"Mokhtar el khlifi: Sauvons  notre pays"},"content":{"rendered":"<p>Nous avons, tenez-vous bien, vingt-six candidats aux pr\u00e9sidentielles de\u00a0 septembre 2019. Ma\u00a0 foi, c\u2019est trop pour tout le monde. Pour l\u2019\u00e9lecteur, pour l\u2019ISIE et pour l\u2019avenir du pouvoir politique.<\/p>\n<p>Dans un pr\u00e9c\u00e8dent article, publi\u00e9 par Leaders, intitul\u00e9 \u00ab les programmes politiques des partis politiques : le miroir aux alouettes \u00bb, j\u2019avais\u00a0 sugg\u00e9r\u00e9 aux partis politiques de s\u2019entendre sur un programme commun concoct\u00e9 par nos experts et qui sera la feuille de route du prochain gouvernement.<br \/>Peine perdue.<\/p>\n<p>Les \u00e9gos et les int\u00e9r\u00eats \u00e9tant trop forts, nous sommes arriv\u00e9s \u00e0\u00a0 vingt-six candidats aux pr\u00e9sidentielles. Je parie qu\u2019au vu des CV plus d\u2019un serait en droit de se dire pourquoi pas moi ? Certains ont eu le bon sens et le patriotisme de ne pas se pr\u00e9senter ou de retirer leurs candidatures.<\/p>\n<p>Sans \u00eatre devin aucune majorit\u00e9 ne pourra se d\u00e9gager autour d\u2019un candidat, d\u00e8s le premier tour, et des voix seront perdues \u00e0 droite et \u00e0 gauche avec le grand risque que le programme idoine\u00a0 le mieux \u00e0 m\u00eame de sortir le pays de la situation actuelle qui frise la faillite \u00e9conomique ne\u00a0 soit d\u00e9gag\u00e9 et que le pays ne soit mis \u00e0 l\u2019abri d\u2019un retour plus prononc\u00e9\u00a0 \u00e0 l\u2019obscurantisme.<\/p>\n<p>Je propose \u00e0 ces candidats de se r\u00e9unir, au plus vite, sous la pr\u00e9sidence morale de Monsieur le Pr\u00e9sident de la R\u00e9publique et de\u00a0 celle des dirigeants des organisations nationales et s\u2019entendre, entre eux, sur la personnalit\u00e9 en mesure de sauver le pays, et surtout et avant tout, sur un programme susceptible d\u2019amener le pays hors des p\u00e9rils qui le guettent.<\/p>\n<p>Je suppose que chaque candidat a son programme politique, \u00e9conomique et social et qu\u2019il a une \u00e9quipe qui serait pr\u00eate \u00e0 le r\u00e9aliser.<br \/>Cet atelier de travail devrait, \u00e0 mon sens, \u00eatre tenu en pr\u00e9sence des experts d\u00e9sign\u00e9s par chacun des candidats ainsi que ceux du Gouvernement qui d\u00e9tient\u00a0 surtout les chiffres les plus actualis\u00e9s et a tenu certains engagements.<\/p>\n<p>Au bout des discussions, qui ne devront pas trop durer, on devrait arriver \u00e0 arr\u00eater un programme d\u2019actions commun qui recueillerait l\u2019adh\u00e9sion de tous ou au moins de la majorit\u00e9.<\/p>\n<p>Il est ais\u00e9, suite aux discussions, de d\u00e9gager la personnalit\u00e9 et l\u2019\u00e9quipe en mesure de le r\u00e9aliser.<br \/>Ainsi le programme arr\u00eat\u00e9 et le\u00a0 staff gouvernemental choisi, il ne reste plus qu\u2019\u00e0 s\u2019entendre sur la personnalit\u00e9 de la R\u00e9publique qui serait\u00a0 en symbiose avec le staff gouvernemental.<\/p>\n<p>Certains parmi les candidats, vu l\u2019\u00e9tendue et la gravit\u00e9 des probl\u00e8mes \u00e0 r\u00e9soudre, auront la\u00a0 sagesse\u00a0 et l\u2019honn\u00eatet\u00e9 intellectuelle de retirer leurs candidatures. Parmi ceux qui n\u2019accepteraient pas de se d\u00e9sister volontairement, dans l\u2019int\u00e9r\u00eat\u00a0 national, ils auront la latitude de maintenir leur candidature ou encore mieux de passer au vote pour ne laisser qu\u2019un ou deux candidats pour le deuxi\u00e8me tour qui seront soumis au suffrage universel.<br \/>Cette attitude courageuse , responsable et civique \u00e9clairera le choix des \u00e9lecteurs aux l\u00e9gislatives en \u00e9vitant l\u2019\u00e9parpillement des voix et en assurant au futur\u00a0 gouvernement une assise solide.<\/p>\n<p>Dans ce pays rien n\u2019est impossible.<\/p>\n<p>Que Dieu les aide \u00e0 trouver la solution idoine pour sauver le pays du chaos. Choisir un \u00ab bon \u00bb Pr\u00e9sident, une \u00ab bonne \u00bb\u00a0 \u00e9quipe gouvernementale et\u00a0 surtout un programme \u00e9conomique et social coh\u00e9rent et efficace.<\/p>\n<p class=\"c2\"><strong>Mokhtar el khlifi<\/strong><\/p>\n<p>Auteur:<br \/>\n<a href=\"https:\/\/www.leaders.com.tn\/article\/27765-mokhtar-el-khlifi-sauvons-notre-pays\">Cliquez ici pour lire l&rsquo;article depuis sa source.<\/a><\/p>\n","protected":false},"excerpt":{"rendered":"<p>Nous avons, tenez-vous bien, vingt-six candidats aux pr\u00e9sidentielles de\u00a0 septembre 2019. Ma\u00a0 foi, c\u2019est trop pour tout le monde. Pour l\u2019\u00e9lecteur, pour l\u2019ISIE et pour l\u2019avenir du pouvoir politique. Dans un pr\u00e9c\u00e8dent article, publi\u00e9 par Leaders, intitul\u00e9 \u00ab les programmes politiques des partis politiques : le miroir aux alouettes \u00bb, j\u2019avais\u00a0 sugg\u00e9r\u00e9 aux partis politiques [&hellip;]<\/p>\n","protected":false},"author":1772,"featured_media":0,"comment_status":"closed","ping_status":"closed","sticky":false,"template":"","format":"standard","meta":{"fifu_image_url":"","fifu_image_alt":"","footnotes":""},"categories":[73,55],"tags":[],"class_list":["post-58410","post","type-post","status-publish","format-standard","hentry","category-actualite","category-tunisie"],"_links":{"self":[{"href":"https:\/\/linitiative.ca\/International\/wp-json\/wp\/v2\/posts\/58410","targetHints":{"allow":["GET"]}}],"collection":[{"href":"https:\/\/linitiative.ca\/International\/wp-json\/wp\/v2\/posts"}],"about":[{"href":"https:\/\/linitiative.ca\/International\/wp-json\/wp\/v2\/types\/post"}],"author":[{"embeddable":true,"href":"https:\/\/linitiative.ca\/International\/wp-json\/wp\/v2\/users\/1772"}],"replies":[{"embeddable":true,"href":"https:\/\/linitiative.ca\/International\/wp-json\/wp\/v2\/comments?post=58410"}],"version-history":[{"count":0,"href":"https:\/\/linitiative.ca\/International\/wp-json\/wp\/v2\/posts\/58410\/revisions"}],"wp:attachment":[{"href":"https:\/\/linitiative.ca\/International\/wp-json\/wp\/v2\/media?parent=58410"}],"wp:term":[{"taxonomy":"category","embeddable":true,"href":"https:\/\/linitiative.ca\/International\/wp-json\/wp\/v2\/categories?post=58410"},{"taxonomy":"post_tag","embeddable":true,"href":"https:\/\/linitiative.ca\/International\/wp-json\/wp\/v2\/tags?post=58410"}],"curies":[{"name":"wp","href":"https:\/\/api.w.org\/{rel}","templated":true}]}}