{"id":58417,"date":"2019-08-18T16:55:05","date_gmt":"2019-08-18T20:55:05","guid":{"rendered":"https:\/\/linitiative.ca\/International\/30-avril-2004-reforme-du-champ-religieux\/"},"modified":"2019-08-18T16:55:05","modified_gmt":"2019-08-18T20:55:05","slug":"30-avril-2004-reforme-du-champ-religieux","status":"publish","type":"post","link":"https:\/\/linitiative.ca\/International\/30-avril-2004-reforme-du-champ-religieux\/","title":{"rendered":"30 avril 2004 : R\u00e9forme du champ religieux"},"content":{"rendered":"<p>Le Roi lance un vaste chantier de r\u00e9forme du champ religieux. La r\u00e9forme du champ religieux traduit la volont\u00e9 d\u2019encadrer le religieux pour pr\u00e9server l\u2019identit\u00e9 cultuelle des Marocains des risques d\u2019une discorde religieuse inspir\u00e9e par les tenants du fanatisme ou autres.<\/p>\n<div class=\"c10\"\/>\n<p><strong>Un Hors-s\u00e9rie exceptionnel du magazine Challenge \u00ab\u00a0Les 20 ans qui ont fond\u00e9 le Maroc de demain\u00a0\u00bb est en vente en kiosque.<\/strong><\/p>\n<p><img decoding=\"async\" src=\"https:\/\/www.challenge.ma\/wp-content\/uploads\/2019\/07\/Challenge-707-hors-serie-750x989-1.jpg\" alt=\"\" class=\"wp-image-114195\" srcset=\"https:\/\/www.challenge.ma\/wp-content\/uploads\/2019\/07\/Challenge-707-hors-serie-750x989-1.jpg 750w, https:\/\/www.challenge.ma\/wp-content\/uploads\/2019\/07\/Challenge-707-hors-serie-750x989-1-228x300.jpg 228w, https:\/\/www.challenge.ma\/wp-content\/uploads\/2019\/07\/Challenge-707-hors-serie-750x989-1-360x475.jpg 360w\" sizes=\"(max-width: 750px) 100vw, 750px\"\/><\/p>\n<div class=\"c17\">\n<fieldset class=\"c16\">\n<legend><strong><span class=\"c11\">Challenge<\/span><span class=\"c12\">news<\/span><\/strong><\/legend>\n<div class=\"c15\">Le meilleur de la r\u00e9daction s\u00e9lectionn\u00e9 par Challenge :<\/p>\n<\/div>\n<\/fieldset>\n<\/div>\n<p>Auteur: challenge<br \/>\n<a href=\"https:\/\/www.challenge.ma\/30-avril-2004-reforme-du-champ-religieux-114583\/\">Cliquez ici pour lire l&rsquo;article depuis sa source.<\/a><\/p>\n","protected":false},"excerpt":{"rendered":"<p>Le Roi lance un vaste chantier de r\u00e9forme du champ religieux. La r\u00e9forme du champ religieux traduit la volont\u00e9 d\u2019encadrer le religieux pour pr\u00e9server l\u2019identit\u00e9 cultuelle des Marocains des risques d\u2019une discorde religieuse inspir\u00e9e par les tenants du fanatisme ou autres. Un Hors-s\u00e9rie exceptionnel du magazine Challenge \u00ab\u00a0Les 20 ans qui ont fond\u00e9 le Maroc [&hellip;]<\/p>\n","protected":false},"author":1787,"featured_media":58418,"comment_status":"closed","ping_status":"closed","sticky":false,"template":"","format":"standard","meta":{"fifu_image_url":"","fifu_image_alt":"","footnotes":""},"categories":[78,54],"tags":[],"class_list":["post-58417","post","type-post","status-publish","format-standard","has-post-thumbnail","hentry","category-economie","category-maroc"],"_links":{"self":[{"href":"https:\/\/linitiative.ca\/International\/wp-json\/wp\/v2\/posts\/58417","targetHints":{"allow":["GET"]}}],"collection":[{"href":"https:\/\/linitiative.ca\/International\/wp-json\/wp\/v2\/posts"}],"about":[{"href":"https:\/\/linitiative.ca\/International\/wp-json\/wp\/v2\/types\/post"}],"author":[{"embeddable":true,"href":"https:\/\/linitiative.ca\/International\/wp-json\/wp\/v2\/users\/1787"}],"replies":[{"embeddable":true,"href":"https:\/\/linitiative.ca\/International\/wp-json\/wp\/v2\/comments?post=58417"}],"version-history":[{"count":0,"href":"https:\/\/linitiative.ca\/International\/wp-json\/wp\/v2\/posts\/58417\/revisions"}],"wp:featuredmedia":[{"embeddable":true,"href":"https:\/\/linitiative.ca\/International\/wp-json\/"}],"wp:attachment":[{"href":"https:\/\/linitiative.ca\/International\/wp-json\/wp\/v2\/media?parent=58417"}],"wp:term":[{"taxonomy":"category","embeddable":true,"href":"https:\/\/linitiative.ca\/International\/wp-json\/wp\/v2\/categories?post=58417"},{"taxonomy":"post_tag","embeddable":true,"href":"https:\/\/linitiative.ca\/International\/wp-json\/wp\/v2\/tags?post=58417"}],"curies":[{"name":"wp","href":"https:\/\/api.w.org\/{rel}","templated":true}]}}