{"id":58429,"date":"2019-08-18T08:22:38","date_gmt":"2019-08-18T12:22:38","guid":{"rendered":"https:\/\/linitiative.ca\/International\/deces-du-roi-du-gulmu-les-condoleances-du-president-du-faso\/"},"modified":"2019-08-18T08:22:38","modified_gmt":"2019-08-18T12:22:38","slug":"deces-du-roi-du-gulmu-les-condoleances-du-president-du-faso","status":"publish","type":"post","link":"https:\/\/linitiative.ca\/International\/deces-du-roi-du-gulmu-les-condoleances-du-president-du-faso\/","title":{"rendered":"D\u00e9c\u00e8s du roi du Gulmu: les condol\u00e9ances du pr\u00e9sident du Faso."},"content":{"rendered":"<div>\n<div dir=\"ltr\">\u00a0\u00ab C\u2019est avec consternation\u00a0 que<\/div>\n<div dir=\"ltr\">j\u2019ai appris la disparition de sa Majest\u00e9 Kupiendieli, 31e roi du<\/div>\n<div dir=\"ltr\">Gulmu, d\u00e9ced\u00e9 dans la nuit du vendredi 16 au samedi 17 ao\u00fbt. Notre<\/div>\n<div dir=\"ltr\">pays vient de perdre une des grandes valeurs de ses traditions, et le<\/div>\n<div dir=\"ltr\">Gulmu, un souverain \u00e9cout\u00e9 et respect\u00e9. Homme de conviction, le<\/div>\n<div dir=\"ltr\">Kupiendieli s\u2019est toujours engag\u00e9 pour la d\u00e9fense des valeurs<\/div>\n<div dir=\"ltr\">cardinales d\u2019unit\u00e9, de paix et de vivre-ensemble dans notre<\/div>\n<div dir=\"ltr\">Etat-Nation en construction. Toutes mes condol\u00e9ances les plus<\/div>\n<div dir=\"ltr\">attrist\u00e9es \u00e0 sa famille \u00e9plor\u00e9e et \u00e0 son royaume \u00bb.<\/div>\n<div dir=\"ltr\"><\/div>\n<div dir=\"ltr\">Roch Marc Christian Kabor\u00e9.<\/div>\n<p>L\u2019article <a rel=\"nofollow\" href=\"https:\/\/www.sidwaya.info\/blog\/2019\/08\/18\/deces-du-roi-du-gulmu-les-condoleances-du-president-du-faso\/\">D\u00e9c\u00e8s du roi du Gulmu: les condol\u00e9ances du pr\u00e9sident du Faso.<\/a> est apparu en premier sur <a rel=\"nofollow\" href=\"https:\/\/www.sidwaya.info\/\">Quotidien Sidwaya<\/a>.<\/p>\n<\/div>\n<p>Auteur: BS. Sidwaya<br \/>\n<a href=\"https:\/\/www.sidwaya.info\/blog\/2019\/08\/18\/deces-du-roi-du-gulmu-les-condoleances-du-president-du-faso\/\">Cliquez ici pour lire l&rsquo;article depuis sa source.<\/a><\/p>\n","protected":false},"excerpt":{"rendered":"<p>\u00a0\u00ab C\u2019est avec consternation\u00a0 que j\u2019ai appris la disparition de sa Majest\u00e9 Kupiendieli, 31e roi du Gulmu, d\u00e9ced\u00e9 dans la nuit du vendredi 16 au samedi 17 ao\u00fbt. Notre pays vient de perdre une des grandes valeurs de ses traditions, et le Gulmu, un souverain \u00e9cout\u00e9 et respect\u00e9. Homme de conviction, le Kupiendieli s\u2019est toujours [&hellip;]<\/p>\n","protected":false},"author":1816,"featured_media":0,"comment_status":"closed","ping_status":"closed","sticky":false,"template":"","format":"standard","meta":{"fifu_image_url":"","fifu_image_alt":"","footnotes":""},"categories":[73,81],"tags":[],"class_list":["post-58429","post","type-post","status-publish","format-standard","hentry","category-actualite","category-burkina-faso"],"_links":{"self":[{"href":"https:\/\/linitiative.ca\/International\/wp-json\/wp\/v2\/posts\/58429","targetHints":{"allow":["GET"]}}],"collection":[{"href":"https:\/\/linitiative.ca\/International\/wp-json\/wp\/v2\/posts"}],"about":[{"href":"https:\/\/linitiative.ca\/International\/wp-json\/wp\/v2\/types\/post"}],"author":[{"embeddable":true,"href":"https:\/\/linitiative.ca\/International\/wp-json\/wp\/v2\/users\/1816"}],"replies":[{"embeddable":true,"href":"https:\/\/linitiative.ca\/International\/wp-json\/wp\/v2\/comments?post=58429"}],"version-history":[{"count":0,"href":"https:\/\/linitiative.ca\/International\/wp-json\/wp\/v2\/posts\/58429\/revisions"}],"wp:attachment":[{"href":"https:\/\/linitiative.ca\/International\/wp-json\/wp\/v2\/media?parent=58429"}],"wp:term":[{"taxonomy":"category","embeddable":true,"href":"https:\/\/linitiative.ca\/International\/wp-json\/wp\/v2\/categories?post=58429"},{"taxonomy":"post_tag","embeddable":true,"href":"https:\/\/linitiative.ca\/International\/wp-json\/wp\/v2\/tags?post=58429"}],"curies":[{"name":"wp","href":"https:\/\/api.w.org\/{rel}","templated":true}]}}