{"id":58430,"date":"2019-08-18T13:50:02","date_gmt":"2019-08-18T17:50:02","guid":{"rendered":"https:\/\/linitiative.ca\/International\/hong-kong-les-manifestants-mettent-en-garde-contre-la-division\/"},"modified":"2019-08-18T13:50:02","modified_gmt":"2019-08-18T17:50:02","slug":"hong-kong-les-manifestants-mettent-en-garde-contre-la-division","status":"publish","type":"post","link":"https:\/\/linitiative.ca\/International\/hong-kong-les-manifestants-mettent-en-garde-contre-la-division\/","title":{"rendered":"Hong Kong: les manifestants mettent en garde contre la division"},"content":{"rendered":"<div readability=\"32\">\n<p>Publi\u00e9 le 18.08.2019 \u00e0 18h50 par AFP<\/p>\n<\/div>\n<div readability=\"113\">\n<p>Comme de nombreux manifestants pro-d\u00e9mocratie rassembl\u00e9s dimanche \u00e0 Hong Kong, Kelly n\u2019approuve pas les violences qui ont marqu\u00e9 la mobilisation, mais elle refuse tout autant de d\u00e9savouer les participants les plus radicaux du mouvement.<\/p>\n<p>\u00ab\u00a0M\u00eame si je pense que les manifestations doivent rester pacifiques, nous nous soutiendrons toujours les uns les autres\u00a0\u00bb, assure cette femme de 26 ans au visage dissimul\u00e9 par un masque noir. \u00ab\u00a0Nous ne voulons pas \u00eatre divis\u00e9s\u00a0\u00bb.<\/p>\n<p>La mobilisation \u00e0 Hong Kong, qui a commenc\u00e9 en juin pour protester contre un projet de loi autorisant les extraditions vers la Chine, s\u2019est transform\u00e9e en un vaste mouvement pro-d\u00e9mocratie qui a \u00e9t\u00e9 marqu\u00e9 par des affrontements avec la police et des violences qui ont terni l\u2019image des manifestants.<\/p>\n<p>\u00ab\u00a0Je n\u2019aime pas la violence (des manifestants radicaux), je suis contre\u00a0\u00bb, souligne Wong, enseignant \u00e0 la retraite de 54 ans qui n\u2019a accept\u00e9 de donner qu\u2019un seul nom, comme beaucoup de manifestants. \u00ab\u00a0Mais je les comprends, je suis en col\u00e8re, je suis furieux\u00a0\u00bb.<\/p>\n<p>La manifestation dimanche \u00e0 Hong Kong, qui a rassembl\u00e9 des centaines de milliers de participants, \u00e9tait consid\u00e9r\u00e9e comme une chance pour les militants pro-d\u00e9mocratie de retrouver une image cr\u00e9dible apr\u00e8s les critiques \u00e9mises au sujet des violences dans les rangs des contestataires. Les manifestations avaient d\u00e9g\u00e9n\u00e9r\u00e9 de plus en plus souvent en heurts entre la police, des radicaux n\u2019h\u00e9sitant plus \u00e0 lancer des pierres ou des cocktails Molotov, et \u00e0 utiliser des frondes.<\/p>\n<p>Francis, 24 ans, estime que sauvegarder le caract\u00e8re pacifique de la manifestation de dimanche est essentiel pour avoir \u00ab\u00a0des normes morales \u00e9lev\u00e9es\u00a0\u00bb.<\/p>\n<p>Les manifestants mettent en garde contre une division entre deux camps \u2013 pour ou contre des actions violentes \u2013 craignant une d\u00e9sunion qui ferait le jeu de P\u00e9kin.<\/p>\n<p>\u00ab\u00a0La Chine est en train de monter les gens les uns contre les autres, les manifestants les plus violents contre les manifestants pacifiques, la police contre les citoyens\u00a0\u00bb, estime un manifestant qui dit s\u2019appeler Kenny.<\/p>\n<p>\u00ab\u00a0Ils veulent que les gens choisissent un camp, et jusqu\u2019\u00e0 un certain point cela fonctionne\u00a0\u00bb, pr\u00e9vient-il.<\/p>\n<p>\u00ab\u00a0Je ne pense pas que nous pouvons parvenir \u00e0 nos objectifs en utilisant une seule tactique\u00a0\u00bb, juge pour sa part un manifestant qui demande \u00e0 rester anonyme.<\/p>\n<p>\u00ab\u00a0Si le (gouvernement) ne donne pas suite, et si nous commen\u00e7ons \u00e0 recourir \u00e0 d\u2019autres m\u00e9thodes, ils ne pourront pas dire alors que nous d\u00e9truisons des choses uniquement par notre propre volont\u00e9 \u2026 c\u2019est seulement parce que nous n\u2019avons pas d\u2019autre choix\u00a0\u00bb, affirme ce manifestant.<\/p>\n<p>Dans le quartier commer\u00e7ant de Causeway Bay, deux amis confient s\u2019\u00eatre disput\u00e9s sur la question de savoir s\u2019il fallait participer \u00e0 la manifestation, compte-tenu de la hausse de la violence au sein des protestataires, mais ils ont finalement d\u00e9cid\u00e9 d\u2019y aller pour montrer leur soutien \u00e0 la cause de la d\u00e9mocratie.<\/p>\n<p>\u00ab\u00a0Nous pouvons ne pas avoir les m\u00eames id\u00e9es sur les moyens d\u2019obtenir satisfaction \u00e0 nos demandes \u2026 mais nous sommes toujours ici ensemble\u00a0\u00bb, constate l\u2019un d\u2019eux, un \u00e9tudiant.<\/p>\n<\/div>\n<p>Auteur: AFP<br \/>\n<a href=\"https:\/\/www.journalducameroun.com\/hong-kong-les-manifestants-mettent-en-garde-contre-la-division\/\">Cliquez ici pour lire l&rsquo;article depuis sa source.<\/a><\/p>\n","protected":false},"excerpt":{"rendered":"<p>Publi\u00e9 le 18.08.2019 \u00e0 18h50 par AFP Comme de nombreux manifestants pro-d\u00e9mocratie rassembl\u00e9s dimanche \u00e0 Hong Kong, Kelly n\u2019approuve pas les violences qui ont marqu\u00e9 la mobilisation, mais elle refuse tout autant de d\u00e9savouer les participants les plus radicaux du mouvement. \u00ab\u00a0M\u00eame si je pense que les manifestations doivent rester pacifiques, nous nous soutiendrons toujours [&hellip;]<\/p>\n","protected":false},"author":1965,"featured_media":0,"comment_status":"closed","ping_status":"closed","sticky":false,"template":"","format":"standard","meta":{"fifu_image_url":"","fifu_image_alt":"","footnotes":""},"categories":[73,82],"tags":[],"class_list":["post-58430","post","type-post","status-publish","format-standard","hentry","category-actualite","category-cameroun"],"_links":{"self":[{"href":"https:\/\/linitiative.ca\/International\/wp-json\/wp\/v2\/posts\/58430","targetHints":{"allow":["GET"]}}],"collection":[{"href":"https:\/\/linitiative.ca\/International\/wp-json\/wp\/v2\/posts"}],"about":[{"href":"https:\/\/linitiative.ca\/International\/wp-json\/wp\/v2\/types\/post"}],"author":[{"embeddable":true,"href":"https:\/\/linitiative.ca\/International\/wp-json\/wp\/v2\/users\/1965"}],"replies":[{"embeddable":true,"href":"https:\/\/linitiative.ca\/International\/wp-json\/wp\/v2\/comments?post=58430"}],"version-history":[{"count":0,"href":"https:\/\/linitiative.ca\/International\/wp-json\/wp\/v2\/posts\/58430\/revisions"}],"wp:attachment":[{"href":"https:\/\/linitiative.ca\/International\/wp-json\/wp\/v2\/media?parent=58430"}],"wp:term":[{"taxonomy":"category","embeddable":true,"href":"https:\/\/linitiative.ca\/International\/wp-json\/wp\/v2\/categories?post=58430"},{"taxonomy":"post_tag","embeddable":true,"href":"https:\/\/linitiative.ca\/International\/wp-json\/wp\/v2\/tags?post=58430"}],"curies":[{"name":"wp","href":"https:\/\/api.w.org\/{rel}","templated":true}]}}