{"id":58432,"date":"2019-08-18T14:18:03","date_gmt":"2019-08-18T18:18:03","guid":{"rendered":"https:\/\/linitiative.ca\/International\/hadj-2019-a-la-mecque-retour-en-cote-divoire-des-500-premiers-pelerins-ivoiriens\/"},"modified":"2019-08-18T14:18:03","modified_gmt":"2019-08-18T18:18:03","slug":"hadj-2019-a-la-mecque-retour-en-cote-divoire-des-500-premiers-pelerins-ivoiriens","status":"publish","type":"post","link":"https:\/\/linitiative.ca\/International\/hadj-2019-a-la-mecque-retour-en-cote-divoire-des-500-premiers-pelerins-ivoiriens\/","title":{"rendered":"Hadj 2019 \u00e0 la Mecque: retour en C\u00f4te d\u2019Ivoire des 500 premiers p\u00e8lerins ivoiriens"},"content":{"rendered":"<div readability=\"32\">\n<p>Publi\u00e9 le 18.08.2019 \u00e0 19h18 par APA News<\/p>\n<\/div>\n<div readability=\"58\">\n<p>Le premier vol retour des p\u00e8lerins ivoiriens qui ont accompli le Hadj 2019 en Arabie Saoudite, a atterri dimanche \u00e0 15h54 (Heure locale et GMT) \u00e0 l\u2019a\u00e9roport international F\u00e9lix Houphou\u00ebt-Boigny d\u2019Abidjan avec \u00e0 son bord 500 personnes.Selon le commissariat du Hadj en C\u00f4te d\u2019Ivoire, 11 vols charters assureront le retour des p\u00e8lerins ivoiriens du contingent \u00e9tatique apr\u00e8s l\u2019accomplissement de ce cinqui\u00e8me pilier de l\u2019islam. Ainsi, un vol retour est pr\u00e9vu quotidiennement \u00e0 compter d\u2019aujourd\u2019hui et ce, jusqu\u2019au 28 ao\u00fbt prochain.<\/p>\n<p>\u00a0C\u2019est le 16 juillet dernier que les premiers p\u00e8lerins ivoiriens ont quitt\u00e9 Abidjan pour l\u2019Arabie Saoudite o\u00f9 ils ont accompli les rites du p\u00e8lerinage musulman.<\/p>\n<p>Cette ann\u00e9e pour le Hadj, 9000 places ont \u00e9t\u00e9 attribu\u00e9es \u00e0 la C\u00f4te d\u2019Ivoire contre 6800 en 2018, soit une augmentation de 2200 places.<\/p>\n<p>La r\u00e9partition de ce quota est de 6000 places pour le contingent \u00e9tatique et 3000 pour les organisateurs priv\u00e9s.<\/p>\n<p>Pour cette \u00e9dition 2019, rappelle-t-on, le co\u00fbt a \u00e9t\u00e9 maintenu \u00e0 deux millions FCFA comme l\u2019an dernier. \u00a0Chaque ann\u00e9e, des millions de musulmans se rendent en Arabie Saoudite pour l\u2019accomplissement du Hadj, le cinqui\u00e8me pilier de l\u2019islam.<\/p>\n<\/div>\n<p>Auteur: APA News<br \/>\n<a href=\"https:\/\/www.journalducameroun.com\/hadj-2019-a-la-mecque-retour-en-cote-divoire-des-500-premiers-pelerins-ivoiriens\/\">Cliquez ici pour lire l&rsquo;article depuis sa source.<\/a><\/p>\n","protected":false},"excerpt":{"rendered":"<p>Publi\u00e9 le 18.08.2019 \u00e0 19h18 par APA News Le premier vol retour des p\u00e8lerins ivoiriens qui ont accompli le Hadj 2019 en Arabie Saoudite, a atterri dimanche \u00e0 15h54 (Heure locale et GMT) \u00e0 l\u2019a\u00e9roport international F\u00e9lix Houphou\u00ebt-Boigny d\u2019Abidjan avec \u00e0 son bord 500 personnes.Selon le commissariat du Hadj en C\u00f4te d\u2019Ivoire, 11 vols charters [&hellip;]<\/p>\n","protected":false},"author":1965,"featured_media":0,"comment_status":"closed","ping_status":"closed","sticky":false,"template":"","format":"standard","meta":{"fifu_image_url":"","fifu_image_alt":"","footnotes":""},"categories":[73,82],"tags":[],"class_list":["post-58432","post","type-post","status-publish","format-standard","hentry","category-actualite","category-cameroun"],"_links":{"self":[{"href":"https:\/\/linitiative.ca\/International\/wp-json\/wp\/v2\/posts\/58432","targetHints":{"allow":["GET"]}}],"collection":[{"href":"https:\/\/linitiative.ca\/International\/wp-json\/wp\/v2\/posts"}],"about":[{"href":"https:\/\/linitiative.ca\/International\/wp-json\/wp\/v2\/types\/post"}],"author":[{"embeddable":true,"href":"https:\/\/linitiative.ca\/International\/wp-json\/wp\/v2\/users\/1965"}],"replies":[{"embeddable":true,"href":"https:\/\/linitiative.ca\/International\/wp-json\/wp\/v2\/comments?post=58432"}],"version-history":[{"count":0,"href":"https:\/\/linitiative.ca\/International\/wp-json\/wp\/v2\/posts\/58432\/revisions"}],"wp:attachment":[{"href":"https:\/\/linitiative.ca\/International\/wp-json\/wp\/v2\/media?parent=58432"}],"wp:term":[{"taxonomy":"category","embeddable":true,"href":"https:\/\/linitiative.ca\/International\/wp-json\/wp\/v2\/categories?post=58432"},{"taxonomy":"post_tag","embeddable":true,"href":"https:\/\/linitiative.ca\/International\/wp-json\/wp\/v2\/tags?post=58432"}],"curies":[{"name":"wp","href":"https:\/\/api.w.org\/{rel}","templated":true}]}}