{"id":58435,"date":"2019-08-19T08:30:13","date_gmt":"2019-08-19T12:30:13","guid":{"rendered":"https:\/\/linitiative.ca\/International\/suite-a-un-appel-royal-jeunesse-vers-une-politique-integree\/"},"modified":"2019-08-19T08:30:13","modified_gmt":"2019-08-19T12:30:13","slug":"suite-a-un-appel-royal-jeunesse-vers-une-politique-integree","status":"publish","type":"post","link":"https:\/\/linitiative.ca\/International\/suite-a-un-appel-royal-jeunesse-vers-une-politique-integree\/","title":{"rendered":"Suite \u00e0 un appel royal \u2013 Jeunesse : Vers une politique int\u00e9gr\u00e9e"},"content":{"rendered":"<p><img decoding=\"async\" class=\"post_layout_5_img\" src=\"http:\/\/aujourdhui.ma\/wp-content\/uploads\/2019\/08\/Sm-Le-Roi-Mohammed-VI-Parlement.jpg?x29840\" alt=\"Suite \u00e0 un appel royal \u2013 Jeunesse : Vers une politique int\u00e9gr\u00e9e\"\/><\/p>\n<p class=\"p1\"><span class=\"c4\"><strong><span class=\"s1\">\u00abDu fait des changements sociaux \u00e0 l\u2019\u0153uvre au Maroc, la jeunesse\u00a0<\/span><span class=\"s1\">s\u2019affirme d\u00e9sormais\u00a0<\/span><span class=\"s1\">comme un nouvel acteur cl\u00e9, et exerce une influence significative sur\u00a0<\/span><span class=\"s1\">la sc\u00e8ne\u00a0<\/span><span class=\"s1\">nationale. Toutefois, en d\u00e9pit des efforts consentis, \u00e0 Nos yeux et \u00e0 ceux des int\u00e9ress\u00e9s, la situation de nos jeunes reste insatisfaisante\u00bb.<\/span><\/strong><\/span> <span id=\"more-317102\"\/><\/p>\n<p class=\"p1\"><span class=\"s1\">Face aux nouveaux d\u00e9fis auxquels la jeunesse marocaine est confront\u00e9e, le Maroc entend r\u00e9pondre par une politique int\u00e9gr\u00e9e. Un appel royal avait \u00e9t\u00e9 m\u00eame lanc\u00e9 lors d\u2019un discours \u00e0 l\u2019occasion de l\u2019ouverture du Parlement. Cet appel est parti en effet d\u2019un constat dress\u00e9 par le Souverain. <em>\u00abLe progr\u00e8s enregistr\u00e9 au Maroc ne profite pas \u00e0 tous les citoyens. En particulier, il ne touche pas ceux \u00e0 qui Nous vouons une bienveillante sollicitude : nos jeunes qui repr\u00e9sentent plus d\u2019un tiers de la population. En effet, assurer la mise \u00e0 niveau de la jeunesse marocaine pour favoriser son engagement actif et efficient dans la vie publique nationale constitue un d\u00e9fi majeur qu\u2019il convient de relever de mani\u00e8re appropri\u00e9e. Nous l\u2019avons soulign\u00e9 \u00e0 maintes reprises, notamment dans le Discours du 20 ao\u00fbt 2012: la jeunesse repr\u00e9sente notre v\u00e9ritable richesse; loin d\u2019\u00eatre un frein au d\u00e9veloppement, elle en constitue le moteur\u00bb<\/em>, avait expliqu\u00e9 SM le Roi. Et de poursuivre : <em>\u00abDu fait des changements sociaux \u00e0 l\u2019\u0153uvre au Maroc, la jeunesse s\u2019affirme d\u00e9sormais comme un nouvel acteur cl\u00e9, et exerce une influence significative sur la sc\u00e8ne nationale. Toutefois, en d\u00e9pit des efforts consentis, \u00e0 Nos yeux et \u00e0 ceux des int\u00e9ress\u00e9s, la situation de nos jeunes reste insatisfaisante. Parmi eux, nombreux sont ceux qui souffrent de l\u2019exclusion, du ch\u00f4mage et se trouvent dans l\u2019impossibilit\u00e9 de finir leurs \u00e9tudes, parfois m\u00eame d\u2019acc\u00e9der aux services sociaux de base\u00bb<\/em>.<\/span><\/p>\n<p class=\"p1\"><span class=\"s1\">Dans cette politique, l\u2019\u00e9ducation est appel\u00e9e \u00e0 jouer un r\u00f4le de premier choix. <em>\u00abLe syst\u00e8me d\u2019\u00e9ducation et de formation ne remplit pas efficacement son r\u00f4le dans la mise \u00e0 niveau et l\u2019insertion socio-\u00e9conomique des jeunes. Certes, d\u2019un certain point de vue, les politiques publiques sectorielles et sociales r\u00e9servent une place importante aux jeunes. Toutefois, leur impact sur la situation de cette frange de la population reste limit\u00e9, en raison de la faible efficacit\u00e9 des programmes, de leur manque de coh\u00e9rence, de leur inad\u00e9quation aux sp\u00e9cificit\u00e9s de chaque cat\u00e9gorie de jeunes\u00bb<\/em>, avait dit le Souverain expliquant que <em>\u00ables questions li\u00e9es \u00e0 la jeunesse sont indissociables des probl\u00e9matiques de croissance, d\u2019investissement et de travail. Voil\u00e0 pourquoi, pour rem\u00e9dier \u00e0 la situation pr\u00e9caire des jeunes, il est n\u00e9cessaire d\u2019innover par des initiatives et des projets concrets, susceptibles de lib\u00e9rer leurs \u00e9nergies, de leur assurer un emploi, un revenu stable. Alors seulement, ils seront aptes \u00e0 apporter leur concours actif au d\u00e9veloppement du pays\u00bb<\/em>. SM le Roi a donn\u00e9 un exemple en citant le cas particulier des jeunes qui travaillent dans le secteur informel. <em>\u00abLeur situation requiert la recherche de solutions r\u00e9alistes n\u2019impliquant pas n\u00e9cessairement la mobilisation d\u2019importantes ressources mat\u00e9rielles, mais assurant des moyens et des espaces de travail appropri\u00e9s pour qu\u2019ils exercent leur activit\u00e9 en toute l\u00e9galit\u00e9. De tels rem\u00e8des ont l\u2019avantage de cr\u00e9er des b\u00e9n\u00e9fices profitables \u00e0 cette cat\u00e9gorie de la population et, au-del\u00e0, \u00e0 la soci\u00e9t\u00e9 tout enti\u00e8re\u00bb<\/em>, a indiqu\u00e9 SM le Roi appelant <em>\u00ab\u00e0 l\u2019\u00e9laboration d\u2019une nouvelle politique int\u00e9gr\u00e9e d\u00e9di\u00e9e aux jeunes. Ax\u00e9e fondamentalement sur la formation et l\u2019emploi, celle-ci devrait avoir le potentiel n\u00e9cessaire pour proposer des solutions r\u00e9alistes aux probl\u00e8mes r\u00e9els des jeunes, notamment ceux qui vivent en milieu rural et dans les quartiers p\u00e9riph\u00e9riques et pauvres\u00bb.<\/em><\/span><\/p>\n<p class=\"p1\"><span class=\"s1\"><em>\u00abPour que cette nouvelle politique puisse r\u00e9ussir et r\u00e9pondre \u00e0 l\u2019exigence d\u2019efficacit\u00e9, Nous recommandons que les dispositions de la Constitution servent de source d\u2019inspiration pour son \u00e9laboration, et que la parole soit donn\u00e9e aux jeunes pour qu\u2019ils y contribuent. Nous appelons aussi \u00e0 une ouverture sur les diff\u00e9rents courants de pens\u00e9e et \u00e0 une exploitation judicieuse des rapports et des \u00e9tudes dont Nous avons ordonn\u00e9 la pr\u00e9paration, notamment le Rapport sur \u00abla Richesse globale du Maroc\u00bb<\/em>, et la \u00abVision 2030 pour l\u2019\u00e9ducation et la formation\u00bb, a fait savoir le Souverain.<\/span><\/p>\n<p>Auteur: ALM<br \/>\n<a href=\"http:\/\/aujourdhui.ma\/actualite\/suite-a-un-appel-royal-jeunesse-vers-une-politique-integree\">Cliquez ici pour lire l&rsquo;article depuis sa source.<\/a><\/p>\n","protected":false},"excerpt":{"rendered":"<p>\u00abDu fait des changements sociaux \u00e0 l\u2019\u0153uvre au Maroc, la jeunesse\u00a0s\u2019affirme d\u00e9sormais\u00a0comme un nouvel acteur cl\u00e9, et exerce une influence significative sur\u00a0la sc\u00e8ne\u00a0nationale. Toutefois, en d\u00e9pit des efforts consentis, \u00e0 Nos yeux et \u00e0 ceux des int\u00e9ress\u00e9s, la situation de nos jeunes reste insatisfaisante\u00bb. Face aux nouveaux d\u00e9fis auxquels la jeunesse marocaine est confront\u00e9e, le [&hellip;]<\/p>\n","protected":false},"author":1759,"featured_media":0,"comment_status":"closed","ping_status":"closed","sticky":false,"template":"","format":"standard","meta":{"fifu_image_url":"","fifu_image_alt":"","footnotes":""},"categories":[73,54],"tags":[],"class_list":["post-58435","post","type-post","status-publish","format-standard","hentry","category-actualite","category-maroc"],"_links":{"self":[{"href":"https:\/\/linitiative.ca\/International\/wp-json\/wp\/v2\/posts\/58435","targetHints":{"allow":["GET"]}}],"collection":[{"href":"https:\/\/linitiative.ca\/International\/wp-json\/wp\/v2\/posts"}],"about":[{"href":"https:\/\/linitiative.ca\/International\/wp-json\/wp\/v2\/types\/post"}],"author":[{"embeddable":true,"href":"https:\/\/linitiative.ca\/International\/wp-json\/wp\/v2\/users\/1759"}],"replies":[{"embeddable":true,"href":"https:\/\/linitiative.ca\/International\/wp-json\/wp\/v2\/comments?post=58435"}],"version-history":[{"count":0,"href":"https:\/\/linitiative.ca\/International\/wp-json\/wp\/v2\/posts\/58435\/revisions"}],"wp:attachment":[{"href":"https:\/\/linitiative.ca\/International\/wp-json\/wp\/v2\/media?parent=58435"}],"wp:term":[{"taxonomy":"category","embeddable":true,"href":"https:\/\/linitiative.ca\/International\/wp-json\/wp\/v2\/categories?post=58435"},{"taxonomy":"post_tag","embeddable":true,"href":"https:\/\/linitiative.ca\/International\/wp-json\/wp\/v2\/tags?post=58435"}],"curies":[{"name":"wp","href":"https:\/\/api.w.org\/{rel}","templated":true}]}}