{"id":58436,"date":"2019-08-19T09:30:08","date_gmt":"2019-08-19T13:30:08","guid":{"rendered":"https:\/\/linitiative.ca\/International\/lemploi-principal-defi-de-la-jeunesse\/"},"modified":"2019-08-19T09:30:08","modified_gmt":"2019-08-19T13:30:08","slug":"lemploi-principal-defi-de-la-jeunesse","status":"publish","type":"post","link":"https:\/\/linitiative.ca\/International\/lemploi-principal-defi-de-la-jeunesse\/","title":{"rendered":"L\u2019emploi, principal d\u00e9fi de la jeunesse"},"content":{"rendered":"<p><img decoding=\"async\" class=\"post_layout_5_img\" src=\"http:\/\/aujourdhui.ma\/wp-content\/uploads\/2019\/08\/Sm-le-Roi-Mohammed-VI-Jeunesse.jpg?x29840\" alt=\"L\u2019emploi, principal d\u00e9fi de la jeunesse\"\/><\/p>\n<p class=\"p1\"><span class=\"c4\"><strong>Les statistiques montrent un taux de ch\u00f4mage particuli\u00e8rement important parmi les jeunes<\/strong><\/span><span id=\"more-317119\"\/><\/p>\n<p class=\"p1\"><span class=\"s1\">Le principal d\u00e9fi auquel fait face la jeunesse marocaine concerne sans nul doute l\u2019emploi. Il faut dire que les statistiques officielles montrent un taux de ch\u00f4mage particuli\u00e8rement important parmi la population jeune. Certes, le taux de ch\u00f4mage global a diminu\u00e9 \u00e0 8,5% au titre du deuxi\u00e8me trimestre de 2019 contre 9,1% durant la m\u00eame p\u00e9riode un an auparavant, selon le Haut-commissariat au Plan (HCP), mais les jeunes restent toujours expos\u00e9s. Au deuxi\u00e8me trimestre de 2019, la situation du march\u00e9 de travail a \u00e9t\u00e9 marqu\u00e9e par une poursuite de la baisse des taux d\u2019activit\u00e9 et d\u2019emploi. La population en \u00e2ge d\u2019activit\u00e9 (15 ans et plus) s\u2019est accrue, par rapport au deuxi\u00e8me trimestre de 2018, \u00e0 un rythme plus important (+1,6%) que celui de la population active (-0,6%). Le taux d\u2019activit\u00e9 a ainsi recul\u00e9 de 47 \u00e0 46% (-1 point) entre les deux p\u00e9riodes. Il a baiss\u00e9 de 41,6 \u00e0 40,9% en milieu urbain (-0,7 point) et de 56,7 \u00e0 55,3% en milieu rural (-1,4 point). Entre hommes et femmes, l\u2019\u00e9cart des taux d\u2019activit\u00e9 est de 47 points, respectivement 69,8% et 23%.<\/span><\/p>\n<p class=\"p1\"><span class=\"s1\">Les taux de ch\u00f4mage les plus \u00e9lev\u00e9s sont relev\u00e9s, en particulier, parmi les jeunes \u00e2g\u00e9s de 15 \u00e0 24 ans (22,3% contre 6,5% parmi les personnes \u00e2g\u00e9es de 25 ans et plus) et parmi les d\u00e9tenteurs d\u2019un dipl\u00f4me (15,1% contre 2,6% parmi les personnes n\u2019ayant aucun dipl\u00f4me). De m\u00eame, le taux de ch\u00f4mage est de 12,3% parmi les personnes ayant un dipl\u00f4me de niveau moyen et de 20% parmi les d\u00e9tenteurs d\u2019un dipl\u00f4me de niveau sup\u00e9rieur. Il atteint ses niveaux les plus \u00e9lev\u00e9s, notamment parmi les dipl\u00f4m\u00e9s de la sp\u00e9cialisation professionnelle (26,1%) et les laur\u00e9ats des facult\u00e9s (22,3%). Il faut pr\u00e9ciser qu\u2019environ 6 ch\u00f4meurs sur 10 (60,6%) sont \u00e0 la recherche de leur premier emploi (54% parmi les hommes et 73,6% parmi les femmes).<\/span><\/p>\n<p class=\"p1\"><span class=\"s1\">Sept ch\u00f4meurs sur 10 (70,2%) sont \u00e0 la recherche d\u2019un emploi depuis une ann\u00e9e ou plus (65% parmi les hommes et 80,6% parmi les femmes) et 22,9% des ch\u00f4meurs se sont retrouv\u00e9s en situation de ch\u00f4mage suite au licenciement ou \u00e0 l\u2019arr\u00eat de l\u2019activit\u00e9 de l\u2019\u00e9tablissement employeur. Les responsables tentent depuis quelques ann\u00e9es de trouver des solutions ad\u00e9quates \u00e0 cette probl\u00e9matique. L\u2019\u00e9ducation est \u00e9galement au centre du d\u00e9bat. Une r\u00e9forme est en cours notamment dans l\u2019enseignement sup\u00e9rieur. Parmi les pistes privil\u00e9gi\u00e9es, il y a l\u2019orientation des jeunes bacheliers. Plusieurs nouveaut\u00e9s sont ainsi annonc\u00e9es par la tutelle dans les universit\u00e9s d\u00e8s les prochains mois pour am\u00e9liorer la formation des \u00e9tudiants et mieux les pr\u00e9parer pour le march\u00e9 de l\u2019emploi.<\/span><\/p>\n<p>Auteur: ALM<br \/>\n<a href=\"http:\/\/aujourdhui.ma\/actualite\/lemploi-principal-defi-de-la-jeunesse\">Cliquez ici pour lire l&rsquo;article depuis sa source.<\/a><\/p>\n","protected":false},"excerpt":{"rendered":"<p>Les statistiques montrent un taux de ch\u00f4mage particuli\u00e8rement important parmi les jeunes Le principal d\u00e9fi auquel fait face la jeunesse marocaine concerne sans nul doute l\u2019emploi. Il faut dire que les statistiques officielles montrent un taux de ch\u00f4mage particuli\u00e8rement important parmi la population jeune. Certes, le taux de ch\u00f4mage global a diminu\u00e9 \u00e0 8,5% au [&hellip;]<\/p>\n","protected":false},"author":1759,"featured_media":0,"comment_status":"closed","ping_status":"closed","sticky":false,"template":"","format":"standard","meta":{"fifu_image_url":"","fifu_image_alt":"","footnotes":""},"categories":[73,54],"tags":[],"class_list":["post-58436","post","type-post","status-publish","format-standard","hentry","category-actualite","category-maroc"],"_links":{"self":[{"href":"https:\/\/linitiative.ca\/International\/wp-json\/wp\/v2\/posts\/58436","targetHints":{"allow":["GET"]}}],"collection":[{"href":"https:\/\/linitiative.ca\/International\/wp-json\/wp\/v2\/posts"}],"about":[{"href":"https:\/\/linitiative.ca\/International\/wp-json\/wp\/v2\/types\/post"}],"author":[{"embeddable":true,"href":"https:\/\/linitiative.ca\/International\/wp-json\/wp\/v2\/users\/1759"}],"replies":[{"embeddable":true,"href":"https:\/\/linitiative.ca\/International\/wp-json\/wp\/v2\/comments?post=58436"}],"version-history":[{"count":0,"href":"https:\/\/linitiative.ca\/International\/wp-json\/wp\/v2\/posts\/58436\/revisions"}],"wp:attachment":[{"href":"https:\/\/linitiative.ca\/International\/wp-json\/wp\/v2\/media?parent=58436"}],"wp:term":[{"taxonomy":"category","embeddable":true,"href":"https:\/\/linitiative.ca\/International\/wp-json\/wp\/v2\/categories?post=58436"},{"taxonomy":"post_tag","embeddable":true,"href":"https:\/\/linitiative.ca\/International\/wp-json\/wp\/v2\/tags?post=58436"}],"curies":[{"name":"wp","href":"https:\/\/api.w.org\/{rel}","templated":true}]}}