{"id":58437,"date":"2019-08-19T09:30:09","date_gmt":"2019-08-19T13:30:09","guid":{"rendered":"https:\/\/linitiative.ca\/International\/marocains-residant-a-letranger-cartographie-des-marocains-deurope\/"},"modified":"2019-08-19T09:30:09","modified_gmt":"2019-08-19T13:30:09","slug":"marocains-residant-a-letranger-cartographie-des-marocains-deurope","status":"publish","type":"post","link":"https:\/\/linitiative.ca\/International\/marocains-residant-a-letranger-cartographie-des-marocains-deurope\/","title":{"rendered":"Marocains r\u00e9sidant \u00e0 l\u2019\u00e9tranger : Cartographie des Marocains d\u2019Europe"},"content":{"rendered":"<p><img decoding=\"async\" class=\"post_layout_5_img\" src=\"http:\/\/aujourdhui.ma\/wp-content\/uploads\/2019\/08\/MRE-France.jpg?x29840\" alt=\"Marocains r\u00e9sidant \u00e0 l\u2019\u00e9tranger : Cartographie des Marocains d\u2019Europe\"\/><\/p>\n<p class=\"p1\"><span class=\"s1 c4\"><strong>Plus d\u2019un million en France<\/strong><\/span><span id=\"more-317136\"\/><\/p>\n<p class=\"p1\"><span class=\"s1\">La France est sans conteste le pays qui capte le plus grand nombre de Marocains r\u00e9sidant \u00e0 l\u2019\u00e9tranger. Les statistiques disponibles dans ce sens font \u00e9tat de 1,25 million de Marocains qui y r\u00e9sident. Le mouvement de migration des Marocains \u00e0 l\u2019Hexagone a connu de grandes mutations. En 1974, cette migration \u00e9tait d\u2019ordre \u00e9conomique. Elle ne repr\u00e9sente aujourd\u2019hui que 10% de la structure des migrants marocains en France. Le mouvement de regroupement familial a \u00e9merg\u00e9 une ann\u00e9e apr\u00e8s pour s\u2019\u00e9tendre jusqu\u2019\u00e0 1984. Cette p\u00e9riode a \u00e9t\u00e9 marqu\u00e9e par l\u2019arriv\u00e9e de 147.932 \u00e9pouses marocaines et leurs enfants sur le territoire fran\u00e7ais pour rejoindre ainsi leurs conjoints. Plus de la moiti\u00e9 des Marocains r\u00e9sidant en France sont des femmes (52%). Toutefois, les aspects sociaux tels que le mariage ne sont pas suffisants pour analyser la situation socio-d\u00e9mographique de cette cat\u00e9gorie de MRE.<\/span><\/p>\n<p class=\"p1\"><span class=\"s1\">Les statistiques fran\u00e7aises d\u00e9montrent que 3.879 Marocaines dot\u00e9s d\u2019un dipl\u00f4me sup\u00e9rieur ont choisi de rester en France. On peut \u00e9galement observer une forte migration d\u2019\u00e9tudiants marocains. En 2016, 22.913 \u00e9tudiants ont choisi de poursuivre leurs \u00e9tudes dans ce pays, soit 44% du total des \u00e9tudiants expatri\u00e9s. Et en d\u00e9pit des mesures rigoureuses de naturalisation impos\u00e9es par l\u2019Etat fran\u00e7ais, 38.000 Marocains ont pu avoir la nationalit\u00e9 fran\u00e7aise ces derni\u00e8res ann\u00e9es.<\/span><\/p>\n<p class=\"p1\"><span class=\"s1 c5\"><strong>150.000 naturalis\u00e9s en Allemagne<\/strong><\/span><\/p>\n<p class=\"p1\"><span class=\"s1\">Ils sont 180.000 Marocains \u00e0 r\u00e9sider en Allemagne. Leurs \u00e2ges oscillent entre 20 et 45 ans avec une moyenne de 3 enfants par famille. Selon les statistiques 2016, 12.950 Marocains se sont install\u00e9s en Allemagne. Les m\u00eames statistiques d\u00e9montrent que 22% des Marocains d\u2019Allemagne ont un dipl\u00f4me d\u2019enseignement fondamental, tandis que 14% ont une qualification secondaire. En outre, 36% autres sont des bacheliers au moment o\u00f9 27% ne disposent d\u2019aucun dipl\u00f4me. Par ailleurs, le nombre de Marocains naturalis\u00e9s en Allemagne ne cesse de grimper. A fin 2017, 115.000 Marocains se sont vus attribuer la nationalit\u00e9.<\/span><\/p>\n<p class=\"p1\"><span class=\"s1 c5\"><strong>172.000 enfants n\u00e9s en Espagne de m\u00e8res marocaines<\/strong><\/span><\/p>\n<p class=\"p1\"><span class=\"s1\">La migration des Marocains en Espagne est r\u00e9cente par rapport aux autres pays d\u2019Europe. 880.000 Marocains, soit 15% du total des communaut\u00e9s \u00e9trang\u00e8res, y r\u00e9sident. En 2018, 220.000 Marocains ont \u00e9t\u00e9 naturalis\u00e9s contre 11.000 en 1990. Les statistiques d\u00e9montrent par ailleurs que sur la p\u00e9riode 2010-2017, 172.000 enfants sont n\u00e9s sur le territoire espagnol de m\u00e8res marocaines. Ils repr\u00e9sentent ainsi 29% des naissances \u00e9trang\u00e8res en ce pays. Aussi, le nombre des \u00e9l\u00e8ves marocains inscrits dans les \u00e9coles espagnoles est de 200.000 enfants, soit 25% du total des \u00e9l\u00e8ves \u00e9trangers. Sur le march\u00e9 de l\u2019emploi espagnol, 103.000 Marocains travaillent dans les services contre 73.000 dans l\u2019agriculture. De m\u00eame, 36% de Marocains en Espagne op\u00e8rent dans les secteurs de l\u2019industrie et du BTP. Il est \u00e0 noter qu\u2019une nouvelle politique de la migration a vu le jour en Espagne. La loi 14-2013 est venue avec de nouvelles orientations mettant ainsi le point sur une migration s\u00e9lective. L\u2019int\u00e9r\u00eat \u00e9tant pour les investisseurs, entrepreneurs et professionnels hautement qualifi\u00e9s.<\/span><\/p>\n<p class=\"p1\"><span class=\"s1 c5\"><strong>Une bonne repr\u00e9sentativit\u00e9 institutionnelle des MRE en Belgique<\/strong><\/span><\/p>\n<p class=\"p1\"><span class=\"s1\">La Belgique accueille pour sa part 700.000 Marocains dont 460.000 naturalis\u00e9s. 20% des jeunes marocains r\u00e9sidant en Belgique disposent d\u2019un dipl\u00f4me sup\u00e9rieur alors que ce taux atteint les 36% au niveau du territoire belge. Il ressort par ailleurs que les Marocains occupent des postes int\u00e9ressants dans la soci\u00e9t\u00e9 belge. On rel\u00e8ve dans ce sens 300 m\u00e9decins et 350 ing\u00e9nieurs exer\u00e7ant dans diff\u00e9rents domaines. Les Marocains de Belgique sont \u00e9galement pr\u00e9sents en force dans les repr\u00e9sentations institutionnelles. On recense \u00e0 cet effet 30 parlementaires (hommes et femmes) d\u2019origines marocaines ainsi que 9 parlementaires f\u00e9d\u00e9raux dont 3 dans la r\u00e9gion de la Wallonie, 15 \u00e0 Bruxelles et 3 dans la r\u00e9gion flamande. On observe \u00e9galement 100 \u00e9lus dans les conseils locaux, 2 maires de villes et 20 vice-maires. Aussi 120.000 auto-entreprises et 20.000 TPE sont dirig\u00e9es par des Marocains.<\/span><\/p>\n<p>Auteur: Kawtar Tali<br \/>\n<a href=\"http:\/\/aujourdhui.ma\/societe\/marocains-residant-a-letranger-cartographie-des-marocains-deurope\">Cliquez ici pour lire l&rsquo;article depuis sa source.<\/a><\/p>\n","protected":false},"excerpt":{"rendered":"<p>Plus d\u2019un million en France La France est sans conteste le pays qui capte le plus grand nombre de Marocains r\u00e9sidant \u00e0 l\u2019\u00e9tranger. Les statistiques disponibles dans ce sens font \u00e9tat de 1,25 million de Marocains qui y r\u00e9sident. Le mouvement de migration des Marocains \u00e0 l\u2019Hexagone a connu de grandes mutations. En 1974, cette [&hellip;]<\/p>\n","protected":false},"author":1759,"featured_media":0,"comment_status":"closed","ping_status":"closed","sticky":false,"template":"","format":"standard","meta":{"fifu_image_url":"","fifu_image_alt":"","footnotes":""},"categories":[73,54],"tags":[],"class_list":["post-58437","post","type-post","status-publish","format-standard","hentry","category-actualite","category-maroc"],"_links":{"self":[{"href":"https:\/\/linitiative.ca\/International\/wp-json\/wp\/v2\/posts\/58437","targetHints":{"allow":["GET"]}}],"collection":[{"href":"https:\/\/linitiative.ca\/International\/wp-json\/wp\/v2\/posts"}],"about":[{"href":"https:\/\/linitiative.ca\/International\/wp-json\/wp\/v2\/types\/post"}],"author":[{"embeddable":true,"href":"https:\/\/linitiative.ca\/International\/wp-json\/wp\/v2\/users\/1759"}],"replies":[{"embeddable":true,"href":"https:\/\/linitiative.ca\/International\/wp-json\/wp\/v2\/comments?post=58437"}],"version-history":[{"count":0,"href":"https:\/\/linitiative.ca\/International\/wp-json\/wp\/v2\/posts\/58437\/revisions"}],"wp:attachment":[{"href":"https:\/\/linitiative.ca\/International\/wp-json\/wp\/v2\/media?parent=58437"}],"wp:term":[{"taxonomy":"category","embeddable":true,"href":"https:\/\/linitiative.ca\/International\/wp-json\/wp\/v2\/categories?post=58437"},{"taxonomy":"post_tag","embeddable":true,"href":"https:\/\/linitiative.ca\/International\/wp-json\/wp\/v2\/tags?post=58437"}],"curies":[{"name":"wp","href":"https:\/\/api.w.org\/{rel}","templated":true}]}}