{"id":58438,"date":"2019-08-19T09:50:51","date_gmt":"2019-08-19T13:50:51","guid":{"rendered":"https:\/\/linitiative.ca\/International\/une-capacite-daccueil-de-2-000-etudiants-2185-millions-de-dirhams-pour-la-nouvelle-faculte-de-medecine-de-laayoune\/"},"modified":"2019-08-19T09:50:51","modified_gmt":"2019-08-19T13:50:51","slug":"une-capacite-daccueil-de-2-000-etudiants-2185-millions-de-dirhams-pour-la-nouvelle-faculte-de-medecine-de-laayoune","status":"publish","type":"post","link":"https:\/\/linitiative.ca\/International\/une-capacite-daccueil-de-2-000-etudiants-2185-millions-de-dirhams-pour-la-nouvelle-faculte-de-medecine-de-laayoune\/","title":{"rendered":"Une capacit\u00e9 d\u2019accueil de 2.000 \u00e9tudiants : 218,5 millions de dirhams pour la nouvelle Facult\u00e9  de m\u00e9decine de La\u00e2youne"},"content":{"rendered":"<p><img decoding=\"async\" class=\"post_layout_5_img\" src=\"http:\/\/aujourdhui.ma\/wp-content\/uploads\/2019\/08\/Faculte-de-medecine-de-Laayoune.jpg?x29840\" alt=\"Une capacit\u00e9 d\u2019accueil de 2.000 \u00e9tudiants : 218,5 millions de dirhams pour la nouvelle Facult\u00e9 de m\u00e9decine de La\u00e2youne\"\/><\/p>\n<p class=\"p1\"><span class=\"s1 c5\"><span class=\"c4\"><strong>C\u2019est parti pour le projet de construction d\u2019une Facult\u00e9 de m\u00e9decine et de pharmacie \u00e0 La\u00e2youne, la direction provinciale de l\u2019\u00e9quipement, du transport, de la logistique et de l\u2019eau de La\u00e2youne, en tant que ma\u00eetre d\u00e9l\u00e9gu\u00e9 d\u2019ouvrage, vient de lancer un appel d\u2019offres pour recrutement le 30 septembre prochain d\u2019un prestataire pour la r\u00e9alisation des travaux relatifs \u00e0 ce chantier.<\/strong><\/span><\/span> <span id=\"more-317083\"\/><\/p>\n<p class=\"p1\"><span class=\"s1\">L\u2019estimation des co\u00fbts des prestations \u00e9tablies par le ma\u00eetre d\u2019ouvrage est fix\u00e9e \u00e0 la somme de 218,5 millions DH.<\/span><\/p>\n<p class=\"p1\"><span class=\"s1\">Cette deuxi\u00e8me Facult\u00e9 de m\u00e9decine et de pharmacie relevant de l\u2019Universit\u00e9 Ibn Zohr d\u2019Agadir devrait disposer d\u2019une capacit\u00e9 d\u2019accueil de 2.000 \u00e9tudiants pour une superficie construite de 22.612 m\u00b2, comprenant des locaux d\u00e9di\u00e9s \u00e0 la formation pratique et \u00e0 la recherche en technologies de la sant\u00e9, avec une plate-forme d\u2019apprentissage par simulation ainsi que des locaux d\u00e9di\u00e9s \u00e0 l\u2019enseignement et \u00e0 la formation (amphith\u00e9\u00e2tres, salles de cours, salles de s\u00e9minaires et de conf\u00e9rences). Le reste des locaux accueillera les services administratifs de la Facult\u00e9 et des espaces de vie pour les \u00e9tudiants.<\/span><\/p>\n<p class=\"p1\"><span class=\"s1\">Selon le d\u00e9partement de tutelle, ce projet s\u2019inscrit dans le cadre de l\u2019initiative gouvernementale visant \u00e0 former 3.300 m\u00e9decins par an \u00e0 l\u2019horizon 2020, pour doubler la densit\u00e9 m\u00e9dicale et passer de 6 \u00e0 10 m\u00e9decins pour 10.000 habitants en 2020.<\/span><\/p>\n<p class=\"p1\"><span class=\"s1\">Notons que le programme de d\u00e9veloppement des r\u00e9gions du sud pr\u00e9voit la construction d\u2019un Centre hospitalier universitaire (CHU) dans la m\u00eame ville. L\u2019enveloppe budg\u00e9taire pour ce projet, annonc\u00e9 \u00e0 l\u2019occasion de la comm\u00e9moration du 40e anniversaire de la Marche Verte, est d\u2019environ 1,2 milliard de dirhams.<\/span><\/p>\n<p class=\"p1\"><span class=\"s1\">En effet, le CHU de La\u00e2youne est un projet structurant tr\u00e8s attendu au niveau de provinces du Sud en g\u00e9n\u00e9ral et la r\u00e9gion de La\u00e2youne-Sakia El Hamra en particulier puisqu\u2019il r\u00e9pond \u00e0 un besoin accru en termes de couverture sanitaire. Ce projet rentre dans un sch\u00e9ma global et structurel de la mise \u00e0 niveau sanitaire du Maroc et r\u00e9pond \u00e0 plusieurs objectifs fondamentaux, notamment la cr\u00e9ation d\u2019un nouveau p\u00f4le de d\u00e9veloppement sanitaire r\u00e9gional et l\u2019am\u00e9lioration de la couverture sanitaire en m\u00e9decine de pointe de la zone Sud saharienne. Le CHU contribuera \u00e9galement \u00e0 l\u2019encouragement de la formation et la formation continue et \u00e0 la promotion du syst\u00e8me d\u2019aide m\u00e9dicale.<\/span><\/p>\n<p class=\"p1\"><span class=\"s1\">Cet \u00e9tablissement comptera 14 salles d\u2019op\u00e9rations chirurgicales et six p\u00f4les d\u2019excellence, dont le p\u00f4le \u00abM\u00e8re et enfant\u00bb, \u00abM\u00e9decine cardio-vasculaire\u00bb, \u00abUrgences\u00bb et \u00abMaladies psychiatriques et mentales\u00bb. Il doit permettre de r\u00e9pondre aux besoins de l\u2019ensemble de la r\u00e9gion en mati\u00e8re de couverture sanitaire. Il r\u00e9duira ainsi la pression qui s\u2019exerce sur d\u2019autres centres hospitaliers, en particulier sur le CHU de Marrakech.<\/span><\/p>\n<p>Auteur: Mohamed Laabid<br \/>\n<a href=\"http:\/\/aujourdhui.ma\/economie\/une-capacite-daccueil-de-2-000-etudiants-2185-millions-de-dirhams-pour-la-nouvelle-faculte-de-medecine-de-laayoune\">Cliquez ici pour lire l&rsquo;article depuis sa source.<\/a><\/p>\n","protected":false},"excerpt":{"rendered":"<p>C\u2019est parti pour le projet de construction d\u2019une Facult\u00e9 de m\u00e9decine et de pharmacie \u00e0 La\u00e2youne, la direction provinciale de l\u2019\u00e9quipement, du transport, de la logistique et de l\u2019eau de La\u00e2youne, en tant que ma\u00eetre d\u00e9l\u00e9gu\u00e9 d\u2019ouvrage, vient de lancer un appel d\u2019offres pour recrutement le 30 septembre prochain d\u2019un prestataire pour la r\u00e9alisation des [&hellip;]<\/p>\n","protected":false},"author":1759,"featured_media":0,"comment_status":"closed","ping_status":"closed","sticky":false,"template":"","format":"standard","meta":{"fifu_image_url":"","fifu_image_alt":"","footnotes":""},"categories":[73,54],"tags":[],"class_list":["post-58438","post","type-post","status-publish","format-standard","hentry","category-actualite","category-maroc"],"_links":{"self":[{"href":"https:\/\/linitiative.ca\/International\/wp-json\/wp\/v2\/posts\/58438","targetHints":{"allow":["GET"]}}],"collection":[{"href":"https:\/\/linitiative.ca\/International\/wp-json\/wp\/v2\/posts"}],"about":[{"href":"https:\/\/linitiative.ca\/International\/wp-json\/wp\/v2\/types\/post"}],"author":[{"embeddable":true,"href":"https:\/\/linitiative.ca\/International\/wp-json\/wp\/v2\/users\/1759"}],"replies":[{"embeddable":true,"href":"https:\/\/linitiative.ca\/International\/wp-json\/wp\/v2\/comments?post=58438"}],"version-history":[{"count":0,"href":"https:\/\/linitiative.ca\/International\/wp-json\/wp\/v2\/posts\/58438\/revisions"}],"wp:attachment":[{"href":"https:\/\/linitiative.ca\/International\/wp-json\/wp\/v2\/media?parent=58438"}],"wp:term":[{"taxonomy":"category","embeddable":true,"href":"https:\/\/linitiative.ca\/International\/wp-json\/wp\/v2\/categories?post=58438"},{"taxonomy":"post_tag","embeddable":true,"href":"https:\/\/linitiative.ca\/International\/wp-json\/wp\/v2\/tags?post=58438"}],"curies":[{"name":"wp","href":"https:\/\/api.w.org\/{rel}","templated":true}]}}