{"id":58439,"date":"2019-08-19T10:15:45","date_gmt":"2019-08-19T14:15:45","guid":{"rendered":"https:\/\/linitiative.ca\/International\/le-detail-de-la-strategie-dediee-aux-marocains-du-monde\/"},"modified":"2019-08-19T10:15:45","modified_gmt":"2019-08-19T14:15:45","slug":"le-detail-de-la-strategie-dediee-aux-marocains-du-monde","status":"publish","type":"post","link":"https:\/\/linitiative.ca\/International\/le-detail-de-la-strategie-dediee-aux-marocains-du-monde\/","title":{"rendered":"Le d\u00e9tail de la strat\u00e9gie d\u00e9di\u00e9e aux Marocains du Monde"},"content":{"rendered":"<p><img decoding=\"async\" class=\"post_layout_5_img\" src=\"http:\/\/aujourdhui.ma\/wp-content\/uploads\/2019\/08\/Benoutiq-MRE-.jpg?x29840\" alt=\"Le d\u00e9tail de la strat\u00e9gie d\u00e9di\u00e9e aux Marocains du Monde\"\/><\/p>\n<p class=\"p1\"><span class=\"s1 c4\"><strong>Respecter leur dignit\u00e9, pr\u00e9server leurs droits et renforcer leur contribution au d\u00e9veloppement du pays\u2026<\/strong><\/span><span id=\"more-317142\"\/><\/p>\n<div class=\"base-box mom_box_sc_custom mom_box_sc clear c5\" readability=\"9\">\n<p class=\"p1\"><strong><span class=\"s1\">La mobilisation des comp\u00e9tences et des r\u00e9seaux figure parmi les axes strat\u00e9giques de la vision de la tutelle. Tout un programme a \u00e9t\u00e9 d\u00e9di\u00e9 \u00e0 cet angle. Les actions engag\u00e9es portent en effet sur l\u2019identification des comp\u00e9tences des Marocains du Monde et des besoins au niveau national.<\/span><\/strong><\/p>\n<\/div>\n<p class=\"p1\"><span class=\"s1\">Les Marocains du Monde ont toujours \u00e9t\u00e9 au c\u0153ur de la sollicitude royale. Ils repr\u00e9sentent en effet un gisement important d\u2019investissements et de cr\u00e9ation d\u2019emplois \u00e0 exploiter. Une attention particuli\u00e8re leur a \u00e9t\u00e9 accord\u00e9e les impliquant ainsi dans le process de d\u00e9veloppement \u00e9conomique en marche dans le pays. L\u2019ambition \u00e9tant de prot\u00e9ger leurs droits et int\u00e9r\u00eats, pr\u00e9server leur droit de citoyennet\u00e9 et les faire participer aux instances de gouvernance. Dans son discours prononc\u00e9 \u00e0 l\u2019occasion du 16\u00e8me anniversaire de la F\u00eate du Tr\u00f4ne, le 30 juillet 2015, le Souverain a appel\u00e9 \u00e0 <em>\u00abam\u00e9liorer le contact et la communication avec les membres de la communaut\u00e9 vivant \u00e0 l\u2019\u00e9tranger, rapprocher les prestations qui leur sont destin\u00e9es, simplifier et moderniser les proc\u00e9dures, respecter leur dignit\u00e9 et pr\u00e9server leurs droits\u00bb<\/em>. Mais avant cela, la Constitution de 2011 a consacr\u00e9 trois articles aux Marocains r\u00e9sidant \u00e0 l\u2019\u00e9tranger ainsi qu\u2019un article relatif \u00e0 l\u2019instance constitutionnelle d\u00e9di\u00e9e aux Marocains du Monde. Parmi les d\u00e9cisions prises \u00e0 cet \u00e9gard, on cite le renforcement de leur repr\u00e9sentation au sein du Parlement, la mise en place des circonscriptions \u00e9lectorales dans leur pays d\u2019accueil et leur attribuer le droit de vote.<\/span><\/p>\n<p class=\"p1\"><span class=\"s1\">A cela s\u2019ajoute la cr\u00e9ation du Conseil sup\u00e9rieur de la communaut\u00e9 marocaine \u00e0 l\u2019\u00e9tranger.<\/span><\/p>\n<p class=\"p1\"><span class=\"s1\">En parall\u00e8le, une feuille de route ambitieuse a \u00e9t\u00e9 mise en \u0153uvre portant sur une s\u00e9rie de programmes et d\u2019initiatives articul\u00e9s autour de la promotion de l\u2019aspect \u00e9ducatif des Marocains du Monde. L\u2019engagement \u00e9tant \u00e9galement de r\u00e9pondre \u00e0 un certain nombre d\u2019enjeux d\u2019ordre identitaire, culturel et socio\u00e9conomique. La vision adopt\u00e9e par le minist\u00e8re de tutelle se d\u00e9cline en trois objectifs strat\u00e9giques r\u00e9pondant aux enjeux de l\u2019\u00e9migration. Citons \u00e0 cet \u00e9gard la pr\u00e9servation de l\u2019identit\u00e9 marocaine des MRE, la protection de leurs droits et int\u00e9r\u00eats ainsi que leur contribution au d\u00e9veloppement du Maroc. La strat\u00e9gie d\u00e9ploy\u00e9e porte en effet sur 8 programmes dont 6 sectoriels et deux transverses. Le but \u00e9tant de renforcer et de dynamiser les liens entre les Marocains expatri\u00e9s et le Royaume \u00e0 travers le volet culturel, \u00e9ducatif, social et juridique. Cette vision tend, en effet, \u00e0 \u00e9laborer une offre culturelle en faveur des Marocains du Monde en vue de renforcer et consolider leurs liens avec le Maroc tout en consacrant les principes de coh\u00e9sion sociale, de tol\u00e9rance et de diversit\u00e9. L\u2019ambition \u00e9tant \u00e9galement d\u2019accompagner les MRE en transition professionnelle, d\u2019encourager et structurer les actions sociales au Maroc ou dans les pays d\u2019accueil ainsi que de les appuyer dans leurs d\u00e9marches administratives et proc\u00e9dures juridiques aussi bien au niveau national que dans leurs pays d\u2019accueil.<\/span><\/p>\n<p class=\"p1\"><span class=\"s1\">Tout au long de ces ann\u00e9es, les services concern\u00e9s ont \u0153uvr\u00e9 \u00e0 am\u00e9liorer les services adress\u00e9s \u00e0 ces concitoyens. Les efforts consentis ont contribu\u00e9 efficacement \u00e0 acc\u00e9l\u00e9rer leurs proc\u00e9dures administratives que cela soit en termes de c\u00e9l\u00e9rit\u00e9 de traitement, de qualit\u00e9 de service ou d\u2019am\u00e9lioration d\u2019accueil, \u00e0 l\u2019instar du service Mouhafadati, lanc\u00e9 par l\u2019Agence nationale de la conservation fonci\u00e8re. Parmi les facilit\u00e9s accord\u00e9es, on note le droit attribu\u00e9 aux MRE de b\u00e9n\u00e9ficier du r\u00e9gime de la retraite au Maroc. Cette couverture concerne la pension de retraite, le d\u00e9c\u00e8s et le rapatriement de la d\u00e9pouille au Maroc en cas de d\u00e9c\u00e8s. Parmi les axes prioritaires figurent \u00e9galement la mobilisation des comp\u00e9tences et des r\u00e9seaux ainsi que l\u2019investissement et le d\u00e9veloppement solidaire. En effet, la mobilisation des comp\u00e9tences et des r\u00e9seaux figure \u00e9galement parmi les axes strat\u00e9giques de la vision de la tutelle. Tout un programme a \u00e9t\u00e9 d\u00e9di\u00e9 \u00e0 cet angle. Les actions engag\u00e9es portent sur l\u2019identification des comp\u00e9tences des Marocains du Monde et des besoins au niveau national. Il a \u00e9t\u00e9 proc\u00e9d\u00e9 \u00e0 ce propos \u00e0 la cr\u00e9ation d\u2019espaces et d\u2019\u00e9v\u00e9nements d\u2019\u00e9changes avec ces talents dans leur pays d\u2019accueil.<\/span><\/p>\n<p class=\"p1\"><span class=\"s1\">La communication a \u00e9t\u00e9 renforc\u00e9e autour de la plateforme Maghribcom sans oublier l\u2019organisation de forums de comp\u00e9tences et la participation aux salons qui leur sont d\u00e9di\u00e9s. Le programme de mobilisation des comp\u00e9tences et des r\u00e9seaux a \u00e9galement pour projet l\u2019implication syst\u00e9matique des MRE dans les strat\u00e9gies sectorielles du Royaume et les programmes de d\u00e9veloppement ainsi que leur mise \u00e0 contribution pour favoriser les \u00e9changes commerciaux avec les pays d\u2019accueil.<\/span><\/p>\n<p>Auteur: Kawtar Tali<br \/>\n<a href=\"http:\/\/aujourdhui.ma\/societe\/le-detail-de-la-strategie-dediee-aux-marocains-du-monde\">Cliquez ici pour lire l&rsquo;article depuis sa source.<\/a><\/p>\n","protected":false},"excerpt":{"rendered":"<p>Respecter leur dignit\u00e9, pr\u00e9server leurs droits et renforcer leur contribution au d\u00e9veloppement du pays\u2026 La mobilisation des comp\u00e9tences et des r\u00e9seaux figure parmi les axes strat\u00e9giques de la vision de la tutelle. Tout un programme a \u00e9t\u00e9 d\u00e9di\u00e9 \u00e0 cet angle. Les actions engag\u00e9es portent en effet sur l\u2019identification des comp\u00e9tences des Marocains du Monde [&hellip;]<\/p>\n","protected":false},"author":1759,"featured_media":0,"comment_status":"closed","ping_status":"closed","sticky":false,"template":"","format":"standard","meta":{"fifu_image_url":"","fifu_image_alt":"","footnotes":""},"categories":[73,54],"tags":[],"class_list":["post-58439","post","type-post","status-publish","format-standard","hentry","category-actualite","category-maroc"],"_links":{"self":[{"href":"https:\/\/linitiative.ca\/International\/wp-json\/wp\/v2\/posts\/58439","targetHints":{"allow":["GET"]}}],"collection":[{"href":"https:\/\/linitiative.ca\/International\/wp-json\/wp\/v2\/posts"}],"about":[{"href":"https:\/\/linitiative.ca\/International\/wp-json\/wp\/v2\/types\/post"}],"author":[{"embeddable":true,"href":"https:\/\/linitiative.ca\/International\/wp-json\/wp\/v2\/users\/1759"}],"replies":[{"embeddable":true,"href":"https:\/\/linitiative.ca\/International\/wp-json\/wp\/v2\/comments?post=58439"}],"version-history":[{"count":0,"href":"https:\/\/linitiative.ca\/International\/wp-json\/wp\/v2\/posts\/58439\/revisions"}],"wp:attachment":[{"href":"https:\/\/linitiative.ca\/International\/wp-json\/wp\/v2\/media?parent=58439"}],"wp:term":[{"taxonomy":"category","embeddable":true,"href":"https:\/\/linitiative.ca\/International\/wp-json\/wp\/v2\/categories?post=58439"},{"taxonomy":"post_tag","embeddable":true,"href":"https:\/\/linitiative.ca\/International\/wp-json\/wp\/v2\/tags?post=58439"}],"curies":[{"name":"wp","href":"https:\/\/api.w.org\/{rel}","templated":true}]}}