{"id":58440,"date":"2019-08-19T06:27:41","date_gmt":"2019-08-19T10:27:41","guid":{"rendered":"https:\/\/linitiative.ca\/International\/la-prise-de-conscience\/"},"modified":"2019-08-19T06:27:41","modified_gmt":"2019-08-19T10:27:41","slug":"la-prise-de-conscience","status":"publish","type":"post","link":"https:\/\/linitiative.ca\/International\/la-prise-de-conscience\/","title":{"rendered":"La prise de conscience!"},"content":{"rendered":"<p class=\"c4\"><span class=\"c3\"><strong><span class=\"c2\">O<\/span>n aura retenu un message illumin\u00e9 de la fronde du peuple alg\u00e9rien qui \u00e9branle actuellement le pays, de fond en comble, pour une vie bien meilleure! Ce soul\u00e8vement populaire dont l\u2019ampleur s\u2019accentue \u00e0 mesure que le besoin vital de se lib\u00e9rer du joug de l\u2019oppression monte d\u2019un cran, d\u00e9voile \u00e9galement une envie persistante de casser le carcan hostile du voisinage. Plus on brandit l\u2019\u00e9tendard de la libert\u00e9, plus le d\u00e9sir de la conqu\u00e9rir s\u2019accro\u00eet pour r\u00e9clamer spontan\u00e9ment le droit \u00e0 l\u2019ouverture des fronti\u00e8res.<\/strong><\/span><\/p>\n<p class=\"c4\">\u00abL\u2019app\u00e9tit vient en mangeant\u00a0!\u00bb, dirait-on dans le jargon familier. En fait, il n\u2019y a que des pays voisins, en \u00e9tat de guerre qui se trouvent contraints de mettre sous les verrous leur territoire r\u00e9ciproque\u00a0! Pour le cas d\u2019esp\u00e8ce, on ne comprendra pas trop pourquoi on s\u2019acharne d\u2019une mani\u00e8re unilat\u00e9rale, de cadenasser les passages terrestres, alors que les lignes a\u00e9riennes sont r\u00e9ciproquement tol\u00e9r\u00e9es. Une absurdit\u00e9 hallucinante\u00a0!<\/p>\n<p class=\"c4\">En effet, nombre de manifestants du pays de l\u2019Est r\u00eavent de la libert\u00e9 globale, y compris celle de la libre circulation inter-continentale. Ils ne font que conqu\u00e9rir \u00e0 bras le corps cette vitalit\u00e9 grandissante. Mieux encore, ils se paient le luxe de se rendre sur les lieux assi\u00e9g\u00e9s de barbel\u00e9s pour vocif\u00e9rer \u00e0 tue-t\u00eate, leur concupiscence farouche de recouvrer la chaleur humaine confisqu\u00e9e.<\/p>\n<p class=\"c4\">D\u2019autres, encore plus avertis de l\u2019horreur qui entache un conflit mont\u00e9 de toutes pi\u00e8ces par la junte alg\u00e9roise, arborent des appels \u00e0 l\u2019\u00e9vacuation de la r\u00e9gion de Tindouf de la horde s\u00e9cessionniste et de ses parrains nervis de l\u2019h\u00e9g\u00e9monisme. Un peu plus t\u00f4t, lors de la CAN, on aura \u00e9t\u00e9 obnubil\u00e9 par l\u2019intense sensation amicale qui avait saisi le public, de part et d\u2019autre, en euphorie all\u00e8gre .Ce \u00e0 quoi le Souverain avait bel et bien fait allusion, dans son discours traditionnel du tr\u00f4ne, tout en exaltant l\u2019authenticit\u00e9 de cette ferveur commune.<\/p>\n<p class=\"c4\">Aujourd\u2019hui, le peuple alg\u00e9rien tient \u00e0 sa libert\u00e9 plus que rien au monde, tout en respectant celle de son voisin\u00a0! Sa prise de conscience est \u00e0 son apog\u00e9e, au grand bonheur de l\u2019unit\u00e9 Maghr\u00e9bine\u2026<\/p>\n<p class=\"c4\">\u00c9tant l\u2019homme engag\u00e9 qu\u2019il fut, l\u2019illustre \u00e9crivain fran\u00e7ais Andr\u00e9 Malraux disait un jour\u00a0:\u00a0\u00abLa libert\u00e9 appartient \u00e0 ceux qui l\u2019ont conquise!\u00bb. Pour ce faire alors, la foule alg\u00e9rienne s\u2019\u00e9poumone tous les vendredis dans la rue, en vue de se faire une vie \u00e0 laquelle il ne cesse d\u2019aspirer, en suant sang et eau. Une nouvelle vie civile\u00a0! Sans trop s\u2019immiscer dans ce qui regarde les autres, il ne \u00a0serait peut-\u00eatre pas d\u00e9plac\u00e9 d\u2019y relever ce regain de cause du concept de la libert\u00e9 conquise vers une vie conqu\u00e9rante, sans trop valoir dans le parcours d\u2019une existence. Le m\u00eame auteur de la \u00abcondition humaine\u00bb y d\u00e9bitait une belle citation, \u00a0pleine d\u2019enseignement existentialiste\u00a0:\u00a0\u00abUne vie ne vaut rien, mais rien ne vaut une vie\u00a0!\u00bb.<\/p>\n<p class=\"c4\">Le peuple alg\u00e9rien, longuement abattu par l\u2019\u00e9pouvante de la caserne, s\u2019en rend compte, met le feu dans les art\u00e8res et s\u00e8me la verve dans les veines\u2026<\/p>\n<p>Auteur: M&rsquo;hammed rahal<br \/>\n<a href=\"http:\/\/albayane.press.ma\/la-prise-de-conscience-2.html\">Cliquez ici pour lire l&rsquo;article depuis sa source.<\/a><\/p>\n","protected":false},"excerpt":{"rendered":"<p>On aura retenu un message illumin\u00e9 de la fronde du peuple alg\u00e9rien qui \u00e9branle actuellement le pays, de fond en comble, pour une vie bien meilleure! Ce soul\u00e8vement populaire dont l\u2019ampleur s\u2019accentue \u00e0 mesure que le besoin vital de se lib\u00e9rer du joug de l\u2019oppression monte d\u2019un cran, d\u00e9voile \u00e9galement une envie persistante de casser [&hellip;]<\/p>\n","protected":false},"author":1760,"featured_media":0,"comment_status":"closed","ping_status":"closed","sticky":false,"template":"","format":"standard","meta":{"fifu_image_url":"","fifu_image_alt":"","footnotes":""},"categories":[73,54],"tags":[],"class_list":["post-58440","post","type-post","status-publish","format-standard","hentry","category-actualite","category-maroc"],"_links":{"self":[{"href":"https:\/\/linitiative.ca\/International\/wp-json\/wp\/v2\/posts\/58440","targetHints":{"allow":["GET"]}}],"collection":[{"href":"https:\/\/linitiative.ca\/International\/wp-json\/wp\/v2\/posts"}],"about":[{"href":"https:\/\/linitiative.ca\/International\/wp-json\/wp\/v2\/types\/post"}],"author":[{"embeddable":true,"href":"https:\/\/linitiative.ca\/International\/wp-json\/wp\/v2\/users\/1760"}],"replies":[{"embeddable":true,"href":"https:\/\/linitiative.ca\/International\/wp-json\/wp\/v2\/comments?post=58440"}],"version-history":[{"count":0,"href":"https:\/\/linitiative.ca\/International\/wp-json\/wp\/v2\/posts\/58440\/revisions"}],"wp:attachment":[{"href":"https:\/\/linitiative.ca\/International\/wp-json\/wp\/v2\/media?parent=58440"}],"wp:term":[{"taxonomy":"category","embeddable":true,"href":"https:\/\/linitiative.ca\/International\/wp-json\/wp\/v2\/categories?post=58440"},{"taxonomy":"post_tag","embeddable":true,"href":"https:\/\/linitiative.ca\/International\/wp-json\/wp\/v2\/tags?post=58440"}],"curies":[{"name":"wp","href":"https:\/\/api.w.org\/{rel}","templated":true}]}}