{"id":58444,"date":"2019-08-19T07:04:28","date_gmt":"2019-08-19T11:04:28","guid":{"rendered":"https:\/\/linitiative.ca\/International\/15-000-appeles-a-selectionner-et-incorporer-a-partir-de-ce-lundi\/"},"modified":"2019-08-19T07:04:28","modified_gmt":"2019-08-19T11:04:28","slug":"15-000-appeles-a-selectionner-et-incorporer-a-partir-de-ce-lundi","status":"publish","type":"post","link":"https:\/\/linitiative.ca\/International\/15-000-appeles-a-selectionner-et-incorporer-a-partir-de-ce-lundi\/","title":{"rendered":"15.000 appel\u00e9s \u00e0 s\u00e9lectionner et incorporer \u00e0 partir de ce lundi"},"content":{"rendered":"<p class=\"c4\"><strong><span class=\"c3\"><span class=\"c2\">L\u2019<\/span>op\u00e9ration de s\u00e9lection et d\u2019incorporation des appel\u00e9s au service militaire pour l\u2019ann\u00e9e 2019-2020 d\u00e9butera le lundi 19 ao\u00fbt et se poursuivra jusqu\u2019\u00e0 la fin du mois, et concernera 15.000 b\u00e9n\u00e9ficiaires, indique un communiqu\u00e9 de l\u2019\u00c9tat-Major G\u00e9n\u00e9ral des Forces Arm\u00e9es Royales (FAR).<\/span><\/strong><\/p>\n<p class=\"c4\">Les FAR rappellent, dans ce cadre, \u00e0 l\u2019ensemble des personnes convoqu\u00e9es la n\u00e9cessit\u00e9 de se rendre aux unit\u00e9s militaires mentionn\u00e9es sur la convocation et \u00e0 la date pr\u00e9cis\u00e9e sur celle-ci.<\/p>\n<p class=\"c4\">L\u2019\u00c9tat-Major G\u00e9n\u00e9ral des FAR note que 17 unit\u00e9s militaires r\u00e9parties sur l\u2019ensemble du territoire national ont \u00e9t\u00e9 mobilis\u00e9es pour accueillir les appel\u00e9s et les transf\u00e9rer par des autocars militaires aux centres de formation situ\u00e9s dans les villes de Larache, Al Hoceima, Bouarfa, Dakhla, Laayoune, Mekn\u00e8s, Agadir, Casablanca, Taza, Oujda, Errachidia, K\u00e9nitra, Ouarzazate, Mediouna, Tadla et Guelmim.<\/p>\n<p class=\"c4\">La m\u00eame source pr\u00e9cise que des commissions sp\u00e9cialis\u00e9es traiteront les dossiers des appel\u00e9s au service militaire et arr\u00eateront les listes de l\u2019ann\u00e9e \u00e0 15.000 appel\u00e9s, qui effectueront leur service militaire pour une p\u00e9riode d\u2019une ann\u00e9e, qui commencera le 1er septembre prochain.<\/p>\n<p class=\"c5\"><strong>(MAP)<\/strong><\/p>\n<p>Auteur: M&rsquo;hammed rahal<br \/>\n<a href=\"http:\/\/albayane.press.ma\/15-000-appeles-a-selectionner-et-incorporer-a-partir-de-ce-lundi.html\">Cliquez ici pour lire l&rsquo;article depuis sa source.<\/a><\/p>\n","protected":false},"excerpt":{"rendered":"<p>L\u2019op\u00e9ration de s\u00e9lection et d\u2019incorporation des appel\u00e9s au service militaire pour l\u2019ann\u00e9e 2019-2020 d\u00e9butera le lundi 19 ao\u00fbt et se poursuivra jusqu\u2019\u00e0 la fin du mois, et concernera 15.000 b\u00e9n\u00e9ficiaires, indique un communiqu\u00e9 de l\u2019\u00c9tat-Major G\u00e9n\u00e9ral des Forces Arm\u00e9es Royales (FAR). Les FAR rappellent, dans ce cadre, \u00e0 l\u2019ensemble des personnes convoqu\u00e9es la n\u00e9cessit\u00e9 de [&hellip;]<\/p>\n","protected":false},"author":1760,"featured_media":0,"comment_status":"closed","ping_status":"closed","sticky":false,"template":"","format":"standard","meta":{"fifu_image_url":"","fifu_image_alt":"","footnotes":""},"categories":[73,54],"tags":[],"class_list":["post-58444","post","type-post","status-publish","format-standard","hentry","category-actualite","category-maroc"],"_links":{"self":[{"href":"https:\/\/linitiative.ca\/International\/wp-json\/wp\/v2\/posts\/58444","targetHints":{"allow":["GET"]}}],"collection":[{"href":"https:\/\/linitiative.ca\/International\/wp-json\/wp\/v2\/posts"}],"about":[{"href":"https:\/\/linitiative.ca\/International\/wp-json\/wp\/v2\/types\/post"}],"author":[{"embeddable":true,"href":"https:\/\/linitiative.ca\/International\/wp-json\/wp\/v2\/users\/1760"}],"replies":[{"embeddable":true,"href":"https:\/\/linitiative.ca\/International\/wp-json\/wp\/v2\/comments?post=58444"}],"version-history":[{"count":0,"href":"https:\/\/linitiative.ca\/International\/wp-json\/wp\/v2\/posts\/58444\/revisions"}],"wp:attachment":[{"href":"https:\/\/linitiative.ca\/International\/wp-json\/wp\/v2\/media?parent=58444"}],"wp:term":[{"taxonomy":"category","embeddable":true,"href":"https:\/\/linitiative.ca\/International\/wp-json\/wp\/v2\/categories?post=58444"},{"taxonomy":"post_tag","embeddable":true,"href":"https:\/\/linitiative.ca\/International\/wp-json\/wp\/v2\/tags?post=58444"}],"curies":[{"name":"wp","href":"https:\/\/api.w.org\/{rel}","templated":true}]}}