{"id":58445,"date":"2019-08-19T04:29:33","date_gmt":"2019-08-19T08:29:33","guid":{"rendered":"https:\/\/linitiative.ca\/International\/les-jeunes-la-priorite-absolue-dans-la-region-arabe\/"},"modified":"2019-08-19T04:29:33","modified_gmt":"2019-08-19T08:29:33","slug":"les-jeunes-la-priorite-absolue-dans-la-region-arabe","status":"publish","type":"post","link":"https:\/\/linitiative.ca\/International\/les-jeunes-la-priorite-absolue-dans-la-region-arabe\/","title":{"rendered":"LES JEUNES : la priorit\u00e9 absolue dans la r\u00e9gion arabe"},"content":{"rendered":"<p class=\"c1\">Il y a quelques ann\u00e9es, j\u2019ai d\u00e9cid\u00e9 d\u2019expliquer \u00e0 ma fille de 11 ans les myst\u00e8res de la<br \/>vie et de la conception en partant du principe qu\u2019une attitude saine envers notre corps<br \/>et notre sexualit\u00e9 devrait \u00eatre encourag\u00e9e d\u00e8s l\u2019enfance. J\u2019ai \u00e9t\u00e9 stup\u00e9fait par les<br \/>connaissances qu\u2019elle poss\u00e9dait d\u00e9j\u00e0 \u00e0 ce sujet. D\u2019apr\u00e8s mon exp\u00e9rience dans la vie<br \/>ou mon travail aupr\u00e8s des jeunes, les choses sont \u00e0 l\u2019\u00e9vidence en train de changer.<br \/>L\u2019\u00e9poque o\u00f9 l\u2019on consid\u00e9rait les jeunes comme de simples chiffres, des personnes \u00e0<br \/>charge ou une g\u00e9n\u00e9ration en attente de conseils parentaux est r\u00e9volue.<br \/>Gr\u00e2ce \u00e0 leur conscience sociale et aux nouvelles technologies, les jeunes de la r\u00e9gion<br \/>arabe sont devenus des agents du changement. Les mill\u00e9naires arabes ont recours<br \/>aux r\u00e9seaux sociaux pour faire conna\u00eetre leurs pr\u00e9occupations et faire \u00e9voluer leur<br \/>situation. Les influenceurs et les innovateurs d\u2019aujourd\u2019hui ont prouv\u00e9 qu\u2019ils peuvent<br \/>contribuer au changement social et mobiliser leur communaut\u00e9 autour d\u2019une cause. Il<br \/>est impressionnant de voir Ahmed El Ghandour, originaire d\u2019Egypte, alias daheeh, \u00ab la<br \/>grosse t\u00eate \u00bb en \u00e9gyptien, et le nombre de vues de ses \u00e9missions sur la science, la<br \/>politique, les arts, la philosophie et d\u2019autres sujets, qui s\u2019\u00e9l\u00e8ve \u00e0 pr\u00e8s de 20 millions de<br \/>spectateurs. Il en va de m\u00eame pour Hanin Shath, originaire de Palestine, qui a lanc\u00e9<br \/>une campagne de sensibilisation sur les personnes handicap\u00e9es \u00e0 Gaza. Elle a non<br \/>seulement r\u00e9ussi \u00e0 changer la perception sociale de ce groupe marginalis\u00e9, mais s\u2019est<br \/>aussi surpass\u00e9e en mettant au point des programmes d\u2019engagement pour motiver les<br \/>personnes handicap\u00e9es et les int\u00e9grer dans la soci\u00e9t\u00e9 \u00e0 tout point de vue.<br \/>Aujourd\u2019hui, 274 millions d\u2019Arabes ont moins de 30 ans. C\u2019est un nombre consid\u00e9rable<br \/>qui peut se r\u00e9v\u00e9ler \u00eatre une ressource extraordinaire dans toute la r\u00e9gion arabe. Il n\u2019est<br \/>pas rare d\u2019entendre : \u00ab Nous devons investir dans la jeunesse \u00bb. Mais qu\u2019entend-t-on<br \/>r\u00e9ellement par \u00ab investir dans la jeunesse \u00bb ? Avant toutes choses, les \u00c9tats doivent<br \/>placer les jeunes au c\u0153ur de leurs priorit\u00e9s en mati\u00e8re d\u2019engagement et de<br \/>d\u00e9veloppement. Alors que plusieurs \u00c9tats arabes font des progr\u00e8s en adoptant des<br \/>mesures politiques visant \u00e0 autonomiser les jeunes, ils doivent faire plus encore pour<br \/>exploiter le dividende d\u00e9mographique alors que les jeunes font face \u00e0 des d\u00e9fis<br \/>colossaux. La r\u00e9gion arabe pr\u00e9sente toujours des taux \u00e9lev\u00e9s de mariages d\u2019enfants,<br \/>de grossesses d\u2019adolescentes, de mortalit\u00e9 maternelle, d\u2019\u00e9migration, de troubles<br \/>politiques et de ch\u00f4mage. Bien que ces sujets soient tout aussi importants, les \u00c9tats<br \/>doivent les prioriser afin d\u2019exploiter efficacement ce groupe social important et<br \/>d\u2019aboutir \u00e0 un d\u00e9veloppement rapide. Le Maroc pourrait donner la priorit\u00e9 \u00e0 l\u2019acc\u00e8s \u00e0<br \/>l\u2019\u00e9ducation pour tous, alors que le Kowe\u00eft pourrait d\u00e9cider de mettre l\u2019accent sur<br \/>l\u2019innovation. Il incombe \u00e0 chaque \u00c9tat de d\u00e9cider d\u2019agir en fonction de ses priorit\u00e9s<br \/>nationales et d\u2019orienter en cons\u00e9quence la mise en \u0153uvre de politiques, de services<br \/>et de programmes relatifs \u00e0 la jeunesse.<br \/>Toutefois, les \u00c9tats arabes seuls ne seront pas en mesure de le faire. Cela n\u00e9cessite<br \/>une mise en commun des efforts avec les organisations locales et les institutions<br \/>internationales telles que l\u2019UNFPA afin d\u2019impliquer au niveau de l\u2019\u00c9tat toutes les parties<br \/>prenantes, y compris les jeunes, notamment par le dialogue politique, et de concr\u00e9tiser<br \/>le dividende d\u00e9mographique. Premi\u00e8rement, \u00e9laborer des politiques et investir dans la<br \/>jeunesse demandent de la part des gouvernements de conna\u00eetre la taille, le sexe,<br \/>l\u2019emplacement et la r\u00e9partition selon l\u2019\u00e2ge des populations actuelles et de pr\u00e9dire avec<br \/>pr\u00e9cision la population future. Deuxi\u00e8mement, les \u00c9tats arabes doivent reconna\u00eetre<br \/>que les politiques traditionnelles ne conviennent plus aux situations non traditionnelles.<br \/>Nous devons suivre une approche structur\u00e9e et novatrice fond\u00e9e sur la pens\u00e9e<br \/>conceptuelle pour aborder ces questions complexes. Il faut rechercher de nouvelles<\/p>\n<p>modalit\u00e9s pour imaginer des solutions qui r\u00e9pondent plus efficacement aux besoins<br \/>des jeunes. Dans la pratique, cela signifie que nous devons penser \u00ab expansion \u00bb pour<br \/>g\u00e9n\u00e9rer des id\u00e9es et les transformer en projets pilotes concrets.<br \/>Les chefs d\u2019\u00c9tat s\u2019accordent tous \u00e0 dire que la marginalisation de la jeunesse signe la<br \/>mort du d\u00e9veloppement de la r\u00e9gion arabe. La solution alternative consiste \u00e0 investir<br \/>dans les jeunes et dans leurs droits. Non seulement l\u2019avenir leur appartient, mais il<br \/>sera fa\u00e7onn\u00e9 par eux. Il est urgent de se concentrer non seulement sur les jeunes en<br \/>tant que sujets, mais aussi en tant qu\u2019agents du changement et du d\u00e9veloppement<br \/>humain dans la r\u00e9gion. Seul un changement de mentalit\u00e9 garantira des soci\u00e9t\u00e9s<br \/>durables qui permettront aux 274 millions de jeunes de servir au niveau<br \/>communautaire ou national. Des initiatives comme celle de Hanin et les blogueurs<br \/>influents comme Ahmed montrent la voie \u00e0 suivre. Il n\u2019y a finalement pas de myst\u00e8re :<br \/>les initiatives individuelles doivent \u00eatre enseign\u00e9es et encourag\u00e9es \u00e0 un \u00e2ge pr\u00e9coce.<br \/>Dr Luay Shabaneh, directeur de l\u2019UNFPA pour la r\u00e9gion arabe.<\/p>\n<p class=\"dpsp-share-text\">Partager c&rsquo;est aimer!<\/p>\n<div class=\"wp-post-author-wrap wp-post-author-shortcode left\">\n<h3 class=\"awpa-title\"\/>\n<div class=\"wp-post-author\">\n<div class=\"awpa-img awpa-author-block square\"><a href=\"http:\/\/lexpertjournal.net\/fr\/author\/expert\/\"><img loading=\"lazy\" decoding=\"async\" alt=\"\" src=\"http:\/\/2.gravatar.com\/avatar\/56d99be2a6f97af88ccb49fada637fcd?s=150&#038;d=mm&#038;r=g\" srcset=\"http:\/\/2.gravatar.com\/avatar\/56d99be2a6f97af88ccb49fada637fcd?s=300&#038;d=mm&#038;r=g 2x\" class=\"avatar avatar-150 photo\" height=\"150\" width=\"150\"\/><\/a><\/div>\n<\/div>\n<\/div>\n<p>Auteur: L&rsquo;expert<br \/>\n<a href=\"http:\/\/lexpertjournal.net\/fr\/2019\/08\/19\/les-jeunes-la-priorite-absolue-dans-la-region-arabe\/\">Cliquez ici pour lire l&rsquo;article depuis sa source.<\/a><\/p>\n","protected":false},"excerpt":{"rendered":"<p>Il y a quelques ann\u00e9es, j\u2019ai d\u00e9cid\u00e9 d\u2019expliquer \u00e0 ma fille de 11 ans les myst\u00e8res de lavie et de la conception en partant du principe qu\u2019une attitude saine envers notre corpset notre sexualit\u00e9 devrait \u00eatre encourag\u00e9e d\u00e8s l\u2019enfance. J\u2019ai \u00e9t\u00e9 stup\u00e9fait par lesconnaissances qu\u2019elle poss\u00e9dait d\u00e9j\u00e0 \u00e0 ce sujet. D\u2019apr\u00e8s mon exp\u00e9rience dans la [&hellip;]<\/p>\n","protected":false},"author":1775,"featured_media":0,"comment_status":"closed","ping_status":"closed","sticky":false,"template":"","format":"standard","meta":{"fifu_image_url":"","fifu_image_alt":"","footnotes":""},"categories":[78,55],"tags":[],"class_list":["post-58445","post","type-post","status-publish","format-standard","hentry","category-economie","category-tunisie"],"_links":{"self":[{"href":"https:\/\/linitiative.ca\/International\/wp-json\/wp\/v2\/posts\/58445","targetHints":{"allow":["GET"]}}],"collection":[{"href":"https:\/\/linitiative.ca\/International\/wp-json\/wp\/v2\/posts"}],"about":[{"href":"https:\/\/linitiative.ca\/International\/wp-json\/wp\/v2\/types\/post"}],"author":[{"embeddable":true,"href":"https:\/\/linitiative.ca\/International\/wp-json\/wp\/v2\/users\/1775"}],"replies":[{"embeddable":true,"href":"https:\/\/linitiative.ca\/International\/wp-json\/wp\/v2\/comments?post=58445"}],"version-history":[{"count":0,"href":"https:\/\/linitiative.ca\/International\/wp-json\/wp\/v2\/posts\/58445\/revisions"}],"wp:attachment":[{"href":"https:\/\/linitiative.ca\/International\/wp-json\/wp\/v2\/media?parent=58445"}],"wp:term":[{"taxonomy":"category","embeddable":true,"href":"https:\/\/linitiative.ca\/International\/wp-json\/wp\/v2\/categories?post=58445"},{"taxonomy":"post_tag","embeddable":true,"href":"https:\/\/linitiative.ca\/International\/wp-json\/wp\/v2\/tags?post=58445"}],"curies":[{"name":"wp","href":"https:\/\/api.w.org\/{rel}","templated":true}]}}