{"id":58446,"date":"2019-08-19T04:47:51","date_gmt":"2019-08-19T08:47:51","guid":{"rendered":"https:\/\/linitiative.ca\/International\/soudan-omar-el-bechir-juge-pour-corruption\/"},"modified":"2019-08-19T04:47:51","modified_gmt":"2019-08-19T08:47:51","slug":"soudan-omar-el-bechir-juge-pour-corruption","status":"publish","type":"post","link":"https:\/\/linitiative.ca\/International\/soudan-omar-el-bechir-juge-pour-corruption\/","title":{"rendered":"Soudan: Omar-el-B\u00e9chir, jug\u00e9 pour  \u00bbcorruption \u00bb"},"content":{"rendered":"<p><strong>Le pr\u00e9sident d\u00e9chu Omar el-B\u00e9chir, qui a dirig\u00e9 le Soudan durant trois d\u00e9cennies, est arriv\u00e9 ce\u00a0lundi devant un tribunal de Khartoum, o\u00f9 il doit \u00eatre jug\u00e9 pour corruption, a constat\u00e9 un journaliste de l\u2019AFP.<\/strong><\/p>\n<p>L\u2019ex chef de l\u2019Etat, d\u00e9pos\u00e9 par l\u2019arm\u00e9e le 11 avril en r\u00e9ponse \u00e0 des manifestations massives, est arriv\u00e9 en matin\u00e9e, escort\u00e9 par un imposant convoi militaire, selon la m\u00eame source. Son proc\u00e8s devait s\u2019ouvrir samedi, mais il avait \u00e9t\u00e9 report\u00e9 sine die.<\/p>\n<p>source : mosaique fm<\/p>\n<p class=\"dpsp-share-text\">Partager c&rsquo;est aimer!<\/p>\n<div class=\"wp-post-author-wrap wp-post-author-shortcode left\">\n<h3 class=\"awpa-title\"\/>\n<div class=\"wp-post-author\">\n<div class=\"awpa-img awpa-author-block square\"><a href=\"http:\/\/lexpertjournal.net\/fr\/author\/expert\/\"><img loading=\"lazy\" decoding=\"async\" alt=\"\" src=\"http:\/\/2.gravatar.com\/avatar\/56d99be2a6f97af88ccb49fada637fcd?s=150&#038;d=mm&#038;r=g\" srcset=\"http:\/\/2.gravatar.com\/avatar\/56d99be2a6f97af88ccb49fada637fcd?s=300&#038;d=mm&#038;r=g 2x\" class=\"avatar avatar-150 photo\" height=\"150\" width=\"150\"\/><\/a><\/div>\n<\/div>\n<\/div>\n<p>Auteur: L&rsquo;expert<br \/>\n<a href=\"http:\/\/lexpertjournal.net\/fr\/2019\/08\/19\/soudan-omar-el-bechir-juge-pour-corruption\/\">Cliquez ici pour lire l&rsquo;article depuis sa source.<\/a><\/p>\n","protected":false},"excerpt":{"rendered":"<p>Le pr\u00e9sident d\u00e9chu Omar el-B\u00e9chir, qui a dirig\u00e9 le Soudan durant trois d\u00e9cennies, est arriv\u00e9 ce\u00a0lundi devant un tribunal de Khartoum, o\u00f9 il doit \u00eatre jug\u00e9 pour corruption, a constat\u00e9 un journaliste de l\u2019AFP. L\u2019ex chef de l\u2019Etat, d\u00e9pos\u00e9 par l\u2019arm\u00e9e le 11 avril en r\u00e9ponse \u00e0 des manifestations massives, est arriv\u00e9 en matin\u00e9e, escort\u00e9 [&hellip;]<\/p>\n","protected":false},"author":1775,"featured_media":0,"comment_status":"closed","ping_status":"closed","sticky":false,"template":"","format":"standard","meta":{"fifu_image_url":"","fifu_image_alt":"","footnotes":""},"categories":[78,55],"tags":[],"class_list":["post-58446","post","type-post","status-publish","format-standard","hentry","category-economie","category-tunisie"],"_links":{"self":[{"href":"https:\/\/linitiative.ca\/International\/wp-json\/wp\/v2\/posts\/58446","targetHints":{"allow":["GET"]}}],"collection":[{"href":"https:\/\/linitiative.ca\/International\/wp-json\/wp\/v2\/posts"}],"about":[{"href":"https:\/\/linitiative.ca\/International\/wp-json\/wp\/v2\/types\/post"}],"author":[{"embeddable":true,"href":"https:\/\/linitiative.ca\/International\/wp-json\/wp\/v2\/users\/1775"}],"replies":[{"embeddable":true,"href":"https:\/\/linitiative.ca\/International\/wp-json\/wp\/v2\/comments?post=58446"}],"version-history":[{"count":0,"href":"https:\/\/linitiative.ca\/International\/wp-json\/wp\/v2\/posts\/58446\/revisions"}],"wp:attachment":[{"href":"https:\/\/linitiative.ca\/International\/wp-json\/wp\/v2\/media?parent=58446"}],"wp:term":[{"taxonomy":"category","embeddable":true,"href":"https:\/\/linitiative.ca\/International\/wp-json\/wp\/v2\/categories?post=58446"},{"taxonomy":"post_tag","embeddable":true,"href":"https:\/\/linitiative.ca\/International\/wp-json\/wp\/v2\/tags?post=58446"}],"curies":[{"name":"wp","href":"https:\/\/api.w.org\/{rel}","templated":true}]}}