{"id":58448,"date":"2019-08-19T06:39:00","date_gmt":"2019-08-19T10:39:00","guid":{"rendered":"https:\/\/linitiative.ca\/International\/un-incendie-qui-ravage-grande-canarie-hors-de-controle\/"},"modified":"2019-08-19T06:39:00","modified_gmt":"2019-08-19T10:39:00","slug":"un-incendie-qui-ravage-grande-canarie-hors-de-controle","status":"publish","type":"post","link":"https:\/\/linitiative.ca\/International\/un-incendie-qui-ravage-grande-canarie-hors-de-controle\/","title":{"rendered":"Un incendie qui ravage Grande Canarie hors de contr\u00f4le"},"content":{"rendered":"<p><strong>L\u2019incendie qui ravage l\u2019\u00eele espagnole de Grande Canarie \u00e9tait ce lundi hors de contr\u00f4le selon les autorit\u00e9s qui ont d\u00fb proc\u00e9der \u00e0 de nouvelles \u00e9vacuations dans le centre de cette \u00eele touristique aux nombreux espaces prot\u00e9g\u00e9s.<\/strong><\/p>\n<p>L\u2019incendie \u00ab est au-del\u00e0 de nos capacit\u00e9s d\u2019extinction \u00bb, a d\u00e9clar\u00e9 \u00e0 la presse Federico Grillo, chef des services d\u2019urgence de l\u2019\u00eele, dans la nuit de dimanche \u00e0 lundi.<\/p>\n<p>Les flammes ont atteint 50 m\u00e8tres de hauteur par endroits, emp\u00eachant les quelque 700 pompiers mobilis\u00e9s de s\u2019y attaquer, m\u00eame \u00e0 l\u2019aide de moyens a\u00e9riens.<\/p>\n<p>\u00ab La situation est mauvaise, tr\u00e8s mauvaise. Nous en avons pour deux jours \u00bb au moins, a reconnu Federico Grillo, \u00e9voquant les temp\u00e9ratures \u00e9lev\u00e9es, le vent et les pluies de cendres pouvant causer de nouveaux d\u00e9parts de feu.<\/p>\n<p>D\u00e9clar\u00e9 samedi dans la commune de Valleseco, au centre de l\u2019\u00eele, l\u2019incendie s\u2019\u00e9tendait lundi matin sur 3.400 hectares, ont annonc\u00e9 les services d\u2019urgence.<\/p>\n<p>Plusieurs communes, dont la population totale atteint 8.000 habitants, ont \u00e9t\u00e9 \u00e9vacu\u00e9es, ont-ils ajout\u00e9, sans pouvoir indiquer le nombre pr\u00e9cis de personnes concern\u00e9es. Aucune victime n\u2019\u00e9tait \u00e0 d\u00e9plorer.<\/p>\n<p>Des habitants ont par ailleurs \u00e9t\u00e9 \u00ab confin\u00e9s \u00bb dans un centre culturel \u00e0 Artenara, une \u00ab mesure technique temporaire \u00bb selon les services d\u2019urgence, les acc\u00e8s au village et les routes possibles d\u2019\u00e9vacuation \u00e9tant pour l\u2019heure trop dangereux \u00e0 emprunter.<\/p>\n<p>L\u2019incendie s\u2019\u00e9tend sur une zone class\u00e9e \u00ab r\u00e9serve de biosph\u00e8re \u00bb par l\u2019Unesco pour ses paysages tr\u00e8s divers comprenant entre autres des pin\u00e8des. Il risquait de progresser vers la r\u00e9serve d\u2019Inagua, la zone la plus riche en biodiversit\u00e9 et la plus prot\u00e9g\u00e9e, a pr\u00e9cis\u00e9 M. Grillo.<\/p>\n<p>L\u2019int\u00e9rieur de Grande Canarie, comportant plusieurs zones prot\u00e9g\u00e9es, est pris\u00e9 des randonneurs mais le gros des touristes fr\u00e9quente plut\u00f4t les plages. Le gouvernement r\u00e9gional a d\u2019ailleurs tenu \u00e0 souligner dans un communiqu\u00e9 que le tourisme n\u2019\u00e9tait pas affect\u00e9 par l\u2019incendie car \u00ab aucun complexe touristique n\u2019en ressent les effets \u00bb.<\/p>\n<p>Un autre incendie avait d\u00e9j\u00e0 parcouru 1.500 hectares \u00e0 l\u2019int\u00e9rieur de l\u2019\u00eele la semaine derni\u00e8re, sans faire de bless\u00e9s. Si celui-ci \u00e9tait maitris\u00e9, les pompiers n\u2019\u00e9taient pas parvenus \u00e0 l\u2019\u00e9teindre compl\u00e8tement lorsque le nouvel incendie s\u2019est d\u00e9clar\u00e9.<\/p>\n<p>Les Canaries, archipel de sept \u00eeles dont Grande Canarie est la deuxi\u00e8me la plus fr\u00e9quent\u00e9e, ont accueilli l\u2019an dernier 13,7 millions de touristes, en particulier britanniques et allemands.<\/p>\n<p>L\u2019Espagne, deuxi\u00e8me destination touristique mondiale, est touch\u00e9e chaque \u00e9t\u00e9 par de nombreux incendies de for\u00eat du fait de son climat aride.<\/p>\n<p>source : mosaique fm<\/p>\n<p class=\"dpsp-share-text\">Partager c&rsquo;est aimer!<\/p>\n<div class=\"wp-post-author-wrap wp-post-author-shortcode left\">\n<h3 class=\"awpa-title\"\/>\n<div class=\"wp-post-author\">\n<div class=\"awpa-img awpa-author-block square\"><a href=\"http:\/\/lexpertjournal.net\/fr\/author\/expert\/\"><img loading=\"lazy\" decoding=\"async\" alt=\"\" src=\"http:\/\/2.gravatar.com\/avatar\/56d99be2a6f97af88ccb49fada637fcd?s=150&#038;d=mm&#038;r=g\" srcset=\"http:\/\/2.gravatar.com\/avatar\/56d99be2a6f97af88ccb49fada637fcd?s=300&#038;d=mm&#038;r=g 2x\" class=\"avatar avatar-150 photo\" height=\"150\" width=\"150\"\/><\/a><\/div>\n<\/div>\n<\/div>\n<p>Auteur: L&rsquo;expert<br \/>\n<a href=\"http:\/\/lexpertjournal.net\/fr\/2019\/08\/19\/un-incendie-qui-ravage-grande-canarie-hors-de-controle\/\">Cliquez ici pour lire l&rsquo;article depuis sa source.<\/a><\/p>\n","protected":false},"excerpt":{"rendered":"<p>L\u2019incendie qui ravage l\u2019\u00eele espagnole de Grande Canarie \u00e9tait ce lundi hors de contr\u00f4le selon les autorit\u00e9s qui ont d\u00fb proc\u00e9der \u00e0 de nouvelles \u00e9vacuations dans le centre de cette \u00eele touristique aux nombreux espaces prot\u00e9g\u00e9s. L\u2019incendie \u00ab est au-del\u00e0 de nos capacit\u00e9s d\u2019extinction \u00bb, a d\u00e9clar\u00e9 \u00e0 la presse Federico Grillo, chef des services [&hellip;]<\/p>\n","protected":false},"author":1775,"featured_media":0,"comment_status":"closed","ping_status":"closed","sticky":false,"template":"","format":"standard","meta":{"fifu_image_url":"","fifu_image_alt":"","footnotes":""},"categories":[78,55],"tags":[],"class_list":["post-58448","post","type-post","status-publish","format-standard","hentry","category-economie","category-tunisie"],"_links":{"self":[{"href":"https:\/\/linitiative.ca\/International\/wp-json\/wp\/v2\/posts\/58448","targetHints":{"allow":["GET"]}}],"collection":[{"href":"https:\/\/linitiative.ca\/International\/wp-json\/wp\/v2\/posts"}],"about":[{"href":"https:\/\/linitiative.ca\/International\/wp-json\/wp\/v2\/types\/post"}],"author":[{"embeddable":true,"href":"https:\/\/linitiative.ca\/International\/wp-json\/wp\/v2\/users\/1775"}],"replies":[{"embeddable":true,"href":"https:\/\/linitiative.ca\/International\/wp-json\/wp\/v2\/comments?post=58448"}],"version-history":[{"count":0,"href":"https:\/\/linitiative.ca\/International\/wp-json\/wp\/v2\/posts\/58448\/revisions"}],"wp:attachment":[{"href":"https:\/\/linitiative.ca\/International\/wp-json\/wp\/v2\/media?parent=58448"}],"wp:term":[{"taxonomy":"category","embeddable":true,"href":"https:\/\/linitiative.ca\/International\/wp-json\/wp\/v2\/categories?post=58448"},{"taxonomy":"post_tag","embeddable":true,"href":"https:\/\/linitiative.ca\/International\/wp-json\/wp\/v2\/tags?post=58448"}],"curies":[{"name":"wp","href":"https:\/\/api.w.org\/{rel}","templated":true}]}}