{"id":58456,"date":"2019-08-19T08:17:04","date_gmt":"2019-08-19T12:17:04","guid":{"rendered":"https:\/\/linitiative.ca\/International\/locs-presente-son-nouvel-entraineur\/"},"modified":"2019-08-19T08:17:04","modified_gmt":"2019-08-19T12:17:04","slug":"locs-presente-son-nouvel-entraineur","status":"publish","type":"post","link":"https:\/\/linitiative.ca\/International\/locs-presente-son-nouvel-entraineur\/","title":{"rendered":"L\u2019OCS pr\u00e9sente son nouvel entra\u00eeneur"},"content":{"rendered":"<div class=\"single-featured\"><img alt=\"\" data-src=\"http:\/\/www.mapmarrakech.ma\/map\/uploads\/2019\/08\/nouveauentraineursafi-copier.jpg\"\/><\/div>\n<div class=\"single-post-excerpt post-excerpt-bc\" readability=\"36\">\n<p>Safi- L\u2019Olympique Club de Safi (OCS) de football vient de pr\u00e9senter son nouvel entra\u00eeneur, Mohamed El Guisser, succ\u00e9dant ainsi \u00e0 Hicham Dmii, qui avait pr\u00e9sent\u00e9 sa d\u00e9mission.<\/p>\n<\/div>\n<div class=\"entry-content clearfix single-post-content\" readability=\"60\">\n<p>La pr\u00e9sentation d\u2019El Guisser a eu lieu lors d\u2019un point de presse tenu au stade Al Massira, en pr\u00e9sence du pr\u00e9sident et du porte-parole officiel du club, respectivement MM. Anouar Dbira et Brahim Falaki.<\/p>\n<p>A cette occasion, le nouvel entra\u00eeneur de l\u2019OCS, qui a sign\u00e9 un contrat de deux ans, a d\u00e9clar\u00e9 qu\u2019il ambitionne de r\u00e9aliser des r\u00e9sultats honorables avec le club safiote, qui s\u2019appr\u00eate \u00e0 entamer la comp\u00e9tition dans le cadre de la Coupe du Roi Mohammed VI des clubs arabes champions, de la Coupe du Tr\u00f4ne et du Championnat de premi\u00e8re division de la \u00ab\u00a0Botola Maroc Telecom\u00a0\u00bb (D1).<\/p>\n<p>M.El Guisser, qui a\u00a0occup\u00e9 le poste d\u2019adjoint de Hicham Dmii pendant la saison \u00e9coul\u00e9e, a expliqu\u00e9\u00a0que sa parfaite connaissance des joueurs de l\u2019OCS lui permettra de construire une \u00e9quipe comp\u00e9titive et capable de jouer un r\u00f4le de premier plan lors de ces diff\u00e9rentes comp\u00e9titions.<\/p>\n<p>De son c\u00f4t\u00e9, M. Dbira a mis le doigt sur le manque dont souffre l\u2019\u00e9quipe au niveau de la ligne d\u2019attaque, ajoutant que le club rem\u00e9diera \u00e0 cette situation en renfor\u00e7ant son effectif par de jeunes joueurs safiotes, tout en poursuivant la prospection en vue de d\u00e9nicher des joueurs de qualit\u00e9 issus de la ville.<\/p>\n<\/div>\n<p>Auteur: Meriem IGASS<br \/>\n<a href=\"http:\/\/www.mapmarrakech.ma\/fr\/locs-presente-son-nouvel-entraineur\/\">Cliquez ici pour lire l&rsquo;article depuis sa source.<\/a><\/p>\n","protected":false},"excerpt":{"rendered":"<p>Safi- L\u2019Olympique Club de Safi (OCS) de football vient de pr\u00e9senter son nouvel entra\u00eeneur, Mohamed El Guisser, succ\u00e9dant ainsi \u00e0 Hicham Dmii, qui avait pr\u00e9sent\u00e9 sa d\u00e9mission. La pr\u00e9sentation d\u2019El Guisser a eu lieu lors d\u2019un point de presse tenu au stade Al Massira, en pr\u00e9sence du pr\u00e9sident et du porte-parole officiel du club, respectivement [&hellip;]<\/p>\n","protected":false},"author":1788,"featured_media":58457,"comment_status":"closed","ping_status":"closed","sticky":false,"template":"","format":"standard","meta":{"fifu_image_url":"","fifu_image_alt":"","footnotes":""},"categories":[54,76],"tags":[],"class_list":["post-58456","post","type-post","status-publish","format-standard","has-post-thumbnail","hentry","category-maroc","category-regions"],"_links":{"self":[{"href":"https:\/\/linitiative.ca\/International\/wp-json\/wp\/v2\/posts\/58456","targetHints":{"allow":["GET"]}}],"collection":[{"href":"https:\/\/linitiative.ca\/International\/wp-json\/wp\/v2\/posts"}],"about":[{"href":"https:\/\/linitiative.ca\/International\/wp-json\/wp\/v2\/types\/post"}],"author":[{"embeddable":true,"href":"https:\/\/linitiative.ca\/International\/wp-json\/wp\/v2\/users\/1788"}],"replies":[{"embeddable":true,"href":"https:\/\/linitiative.ca\/International\/wp-json\/wp\/v2\/comments?post=58456"}],"version-history":[{"count":0,"href":"https:\/\/linitiative.ca\/International\/wp-json\/wp\/v2\/posts\/58456\/revisions"}],"wp:featuredmedia":[{"embeddable":true,"href":"https:\/\/linitiative.ca\/International\/wp-json\/"}],"wp:attachment":[{"href":"https:\/\/linitiative.ca\/International\/wp-json\/wp\/v2\/media?parent=58456"}],"wp:term":[{"taxonomy":"category","embeddable":true,"href":"https:\/\/linitiative.ca\/International\/wp-json\/wp\/v2\/categories?post=58456"},{"taxonomy":"post_tag","embeddable":true,"href":"https:\/\/linitiative.ca\/International\/wp-json\/wp\/v2\/tags?post=58456"}],"curies":[{"name":"wp","href":"https:\/\/api.w.org\/{rel}","templated":true}]}}