{"id":58458,"date":"2019-08-19T09:47:40","date_gmt":"2019-08-19T13:47:40","guid":{"rendered":"https:\/\/linitiative.ca\/International\/les-nuitees-touristiques-en-hausse-de-8-au-s1-2019\/"},"modified":"2019-08-19T09:47:40","modified_gmt":"2019-08-19T13:47:40","slug":"les-nuitees-touristiques-en-hausse-de-8-au-s1-2019","status":"publish","type":"post","link":"https:\/\/linitiative.ca\/International\/les-nuitees-touristiques-en-hausse-de-8-au-s1-2019\/","title":{"rendered":"Les nuit\u00e9es touristiques en hausse de 8% au S1-2019"},"content":{"rendered":"<div readability=\"35\">\n<p>Marrakech \u2013 Les nuit\u00e9es totales r\u00e9alis\u00e9es dans les diff\u00e9rents \u00e9tablissements d\u2019h\u00e9bergement touristique class\u00e9s de la ville de Marrakech ont enregistr\u00e9 une hausse de 8% durant le premier semestre 2019, par rapport \u00e0 la m\u00eame p\u00e9riode une ann\u00e9e auparavant.<\/p>\n<\/div>\n<div readability=\"82\">\n<p>Selon les statistiques publi\u00e9es par l\u2019Observatoire du Tourisme, un total de 3.967.857 nuit\u00e9es a \u00e9t\u00e9 r\u00e9alis\u00e9 durant les six premiers mois de l\u2019ann\u00e9e en cours contre 3.669.212 nuit\u00e9es \u00e0 la m\u00eame p\u00e9riode de 2018.<\/p>\n<p>S\u2019agissant du taux d\u2019occupation, il s\u2019est \u00e9tabli \u00e0 63% \u00e0 fin juin dernier, contre 58% enregistr\u00e9 durant la p\u00e9riode janvier-juin de l\u2019ann\u00e9e pr\u00e9c\u00e9dente.<\/p>\n<p>Quant \u00e0 la dur\u00e9e moyenne du s\u00e9jour \u00e0 fin juin 2019 dans la cit\u00e9 ocre, elle \u00e9tait de 3 jours, soit une moyenne presque identique \u00e0 celle enregistr\u00e9e lors des six premiers mois de 2018 (3,1 jours), a pr\u00e9cis\u00e9 la m\u00eame source.<\/p>\n<p>Cette performance s\u2019est confirm\u00e9e aussi avec une hausse nette de 29% des nuit\u00e9es totales r\u00e9alis\u00e9es dans les \u00e9tablissements d\u2019h\u00e9bergement touristique class\u00e9s de Marrakech durant le seul mois de juin dernier.<\/p>\n<p>Ainsi, un total de 658.715 nuit\u00e9es a \u00e9t\u00e9 enregistr\u00e9 au cours du mois de juin 2019 contre 509.068 nuit\u00e9es en juin 2018, a relev\u00e9 l\u2019Observatoire du Tourisme.<\/p>\n<p>Pour ce qui est du taux d\u2019occupation, il a bondi \u00e0 62% en juin dernier contre 48% seulement durant le m\u00eame mois de l\u2019ann\u00e9e 2018.<\/p>\n<p>Quant \u00e0 la dur\u00e9e moyenne du s\u00e9jour, elle s\u2019est inscrite en l\u00e9g\u00e8re baisse pour s\u2019\u00e9tablir \u00e0 3,1 jours durant le m\u00eame mois, contre une moyenne de 3,4 jours enregistr\u00e9e durant la m\u00eame p\u00e9riode de 2018, a fait savoir la m\u00eame source.<\/p>\n<p>A noter que les nuit\u00e9es totales r\u00e9alis\u00e9es dans les \u00e9tablissements d\u2019h\u00e9bergement touristique class\u00e9s \u00e0 l\u2019\u00e9chelle nationale ont enregistr\u00e9 \u00e0 fin juin dernier une hausse de +5% par rapport \u00e0 la m\u00eame p\u00e9riode de 2018 (+4,3% pour les touristes non\u2010r\u00e9sidents et +8,5% pour les r\u00e9sidents).<\/p>\n<p>Les deux p\u00f4les touristiques Marrakech et Agadir ont g\u00e9n\u00e9r\u00e9 \u00e0 eux seuls 58% des nuit\u00e9es totales au S1-2019 tandis que Tanger et F\u00e8s ont affich\u00e9 des hausses respectives de 11% et 4%, indique-t-on de m\u00eame source.<\/p>\n<\/div>\n<p>Auteur: Meriem IGASS<br \/>\n<a href=\"http:\/\/www.mapmarrakech.ma\/fr\/les-nuitees-touristiques-en-hausse-de-8-au-s1-2019\/\">Cliquez ici pour lire l&rsquo;article depuis sa source.<\/a><\/p>\n","protected":false},"excerpt":{"rendered":"<p>Marrakech \u2013 Les nuit\u00e9es totales r\u00e9alis\u00e9es dans les diff\u00e9rents \u00e9tablissements d\u2019h\u00e9bergement touristique class\u00e9s de la ville de Marrakech ont enregistr\u00e9 une hausse de 8% durant le premier semestre 2019, par rapport \u00e0 la m\u00eame p\u00e9riode une ann\u00e9e auparavant. Selon les statistiques publi\u00e9es par l\u2019Observatoire du Tourisme, un total de 3.967.857 nuit\u00e9es a \u00e9t\u00e9 r\u00e9alis\u00e9 durant [&hellip;]<\/p>\n","protected":false},"author":1788,"featured_media":0,"comment_status":"closed","ping_status":"closed","sticky":false,"template":"","format":"standard","meta":{"fifu_image_url":"","fifu_image_alt":"","footnotes":""},"categories":[54,76],"tags":[],"class_list":["post-58458","post","type-post","status-publish","format-standard","hentry","category-maroc","category-regions"],"_links":{"self":[{"href":"https:\/\/linitiative.ca\/International\/wp-json\/wp\/v2\/posts\/58458","targetHints":{"allow":["GET"]}}],"collection":[{"href":"https:\/\/linitiative.ca\/International\/wp-json\/wp\/v2\/posts"}],"about":[{"href":"https:\/\/linitiative.ca\/International\/wp-json\/wp\/v2\/types\/post"}],"author":[{"embeddable":true,"href":"https:\/\/linitiative.ca\/International\/wp-json\/wp\/v2\/users\/1788"}],"replies":[{"embeddable":true,"href":"https:\/\/linitiative.ca\/International\/wp-json\/wp\/v2\/comments?post=58458"}],"version-history":[{"count":0,"href":"https:\/\/linitiative.ca\/International\/wp-json\/wp\/v2\/posts\/58458\/revisions"}],"wp:attachment":[{"href":"https:\/\/linitiative.ca\/International\/wp-json\/wp\/v2\/media?parent=58458"}],"wp:term":[{"taxonomy":"category","embeddable":true,"href":"https:\/\/linitiative.ca\/International\/wp-json\/wp\/v2\/categories?post=58458"},{"taxonomy":"post_tag","embeddable":true,"href":"https:\/\/linitiative.ca\/International\/wp-json\/wp\/v2\/tags?post=58458"}],"curies":[{"name":"wp","href":"https:\/\/api.w.org\/{rel}","templated":true}]}}