{"id":58466,"date":"2019-08-18T15:59:01","date_gmt":"2019-08-18T19:59:01","guid":{"rendered":"https:\/\/linitiative.ca\/International\/hommage-aux-veterans-de-la-musique-et-du-chant-traditionnel\/"},"modified":"2019-08-18T15:59:01","modified_gmt":"2019-08-18T19:59:01","slug":"hommage-aux-veterans-de-la-musique-et-du-chant-traditionnel","status":"publish","type":"post","link":"https:\/\/linitiative.ca\/International\/hommage-aux-veterans-de-la-musique-et-du-chant-traditionnel\/","title":{"rendered":"Hommage aux v\u00e9t\u00e9rans de la musique et du chant traditionnel"},"content":{"rendered":"<p class=\"c1\">Le Grand Th\u00e9\u00e2tre Mohammed VI \u00e0 Oujda a abrit\u00e9, samedi soir, une soir\u00e9e musicale de haute facture au cours de laquelle un vibrant hommage a \u00e9t\u00e9 rendu \u00e0 des pionniers de la musique populaire traditionnelle dans la r\u00e9gion de l\u2019Oriental.<\/p>\n<p class=\"c1\">Initi\u00e9e par l\u2019Association de l\u2019union des artistes professionnels marocains avec l\u2019appui du minist\u00e8re de la Culture et de la Communication -D\u00e9partement de la Culture-, cette soir\u00e9e a constitu\u00e9 une occasion pour c\u00e9l\u00e9brer une vingtaine de chanteurs et musiciens de la r\u00e9gion de l\u2019Oriental en guise de reconnaissance \u00e0 leur apport \u00e0 l\u2019enrichissement et \u00e0 la pr\u00e9servation du patrimoine musical aux niveaux local, r\u00e9gional et national.<\/p>\n<p class=\"c1\">Ainsi, des chioukhs du folklore de la r\u00e9gion (reggada et l\u2019a\u00e2laoui en particulier), tels que cheikh Ahmed Liyo, Mohamed Jilali, Allal El Malhi et Hassan Ghazi, ainsi que des pionniers de la chansons ra\u00ef, dont Reda Bouchnak et Boussouar El Maghnaoui, en plus de dramaturges, humoristes, \u00e9crivains et autres ont eu droit \u00e0 un hommage appuy\u00e9 lors d\u2019une soir\u00e9e festive pr\u00e9sid\u00e9e par le ministre de la Culture et de la Communication, Mohammed La\u00e2raj.<\/p>\n<p class=\"c1\">Il s\u2019agit d\u2019un hommage au patrimoine musical de la r\u00e9gion de l\u2019Oriental qui se distingue par sa diversit\u00e9 et son originalit\u00e9. En effet, et \u00e0 l\u2019instar des autres r\u00e9gions du Royaume, l\u2019Oriental s\u2019illustre par sa propre musique, ses propres danses ainsi que par les instruments sp\u00e9cifiques d\u2019accompagnement.<\/p>\n<p class=\"c1\">Cette initiative se veut aussi une occasion pour mettre en exergue les efforts d\u00e9ploy\u00e9s pour pr\u00e9server ce patrimoine et permettre aux nouvelles g\u00e9n\u00e9rations d\u2019appr\u00e9cier et de mieux conna\u00eetre ce legs exceptionnellement riche, qui demeure d\u2019ailleurs une source in\u00e9puisable d\u2019inspiration pour les artistes et groupes modernes.<\/p>\n<p><img class=\"wp-image-13772 aligncenter\" data-src=\"http:\/\/www.mapoujda.ma\/map\/uploads\/2019\/08\/M.La\u00e2raj-avec-les-artistes-honor\u00e9s-M750\u00d7430.jpg\" alt=\"\" width=\"523\" height=\"300\" srcset=\"http:\/\/www.mapoujda.ma\/map\/uploads\/2019\/08\/M.La\u00e2raj-avec-les-artistes-honor\u00e9s-M750\u00d7430.jpg 750w, http:\/\/www.mapoujda.ma\/map\/uploads\/2019\/08\/M.La\u00e2raj-avec-les-artistes-honor\u00e9s-M750\u00d7430-300x172.jpg 300w\" sizes=\"(max-width: 523px) 100vw, 523px\"\/><\/p>\n<p class=\"c1\">Intervenant \u00e0 cette occasion, M. La\u00e2raj a fait remarquer que cet \u00e9v\u00e8nement entend rendre hommage \u00e0 plusieurs pionniers de la chanson et des arts populaires pour leur apport pr\u00e9cieux \u00e0 la pr\u00e9servation du patrimoine culturel oral dans la r\u00e9gion de l\u2019Oriental et \u00e0 l\u2019enrichissement de la cr\u00e9ativit\u00e9 artistique.<\/p>\n<p class=\"c1\">Il a saisi cette occasion pour r\u00e9it\u00e9rer l\u2019engagement du minist\u00e8re \u00e0 accompagner et \u00e0 appuyer ce genre d\u2019initiatives qui, dans une ambiance festive, c\u00e9l\u00e8brent les artistes et les cr\u00e9ateurs qui ont mis leur talent et leur carri\u00e8re artistique au service de la promotion et \u00e0 la valorisation du patrimoine culturel immat\u00e9riel.<\/p>\n<p class=\"c1\">De son c\u00f4t\u00e9, le pr\u00e9sident de l\u2019Association de l\u2019union des artistes professionnels marocains, Kamal El Oujdi, a mis l\u2019accent sur l\u2019objectif de cette manifestation qu\u2019il a qualifi\u00e9e de \u2019\u2019soir\u00e9e de fid\u00e9lit\u00e9\u2019\u2019 aux artistes de la r\u00e9gion.<\/p>\n<p class=\"c1\">Il a pr\u00e9cis\u00e9 dans ce sens qu\u2019un hommage a \u00e9t\u00e9 rendu lors de cette soir\u00e9e \u00e0 25 artistes pionniers et cr\u00e9ateurs de la r\u00e9gion en reconnaissance \u00e0 leur apport ind\u00e9niable au patrimoine culturel et artistique dans la r\u00e9gion.<\/p>\n<p class=\"c1\">La soir\u00e9e a \u00e9t\u00e9 marqu\u00e9e par ailleurs par de grands moments de bonheur musical, de partage et de d\u00e9couverte dans une ambiance bon enfant faite de sons, de couleurs et de danses des reggada et de la musique ra\u00ef, sous le regard admiratif d\u2019un public nombreux.<\/p>\n<p class=\"c1\">Une pl\u00e9iade de chanteurs se sont succ\u00e9d\u00e9s sur sc\u00e8ne, tels que Rachid Berriah, le c\u00e9l\u00e8bre auteur de \u2018\u2019Yamina Besslama\u2019\u2019, Mokhtar Lbarkani, Talbi One, Rami Lapache, Reda Bouchnak, Kamal El Oujdi et bien d\u2019autres. Ils ont bel et bien subjugu\u00e9 le public pr\u00e9sent avec leurs rythmes, leurs danses et leurs paroles qui ont marqu\u00e9 de nombreuses g\u00e9n\u00e9rations.<\/p>\n<p>Auteur: Soufiane ELAHMAR<br \/>\n<a href=\"http:\/\/www.mapoujda.ma\/fr\/hommage-aux-veterans-de-la-musique-et-du-chant-traditionnel\/\">Cliquez ici pour lire l&rsquo;article depuis sa source.<\/a><\/p>\n","protected":false},"excerpt":{"rendered":"<p>Le Grand Th\u00e9\u00e2tre Mohammed VI \u00e0 Oujda a abrit\u00e9, samedi soir, une soir\u00e9e musicale de haute facture au cours de laquelle un vibrant hommage a \u00e9t\u00e9 rendu \u00e0 des pionniers de la musique populaire traditionnelle dans la r\u00e9gion de l\u2019Oriental. Initi\u00e9e par l\u2019Association de l\u2019union des artistes professionnels marocains avec l\u2019appui du minist\u00e8re de la [&hellip;]<\/p>\n","protected":false},"author":1788,"featured_media":58467,"comment_status":"closed","ping_status":"closed","sticky":false,"template":"","format":"standard","meta":{"fifu_image_url":"","fifu_image_alt":"","footnotes":""},"categories":[54,76],"tags":[],"class_list":["post-58466","post","type-post","status-publish","format-standard","has-post-thumbnail","hentry","category-maroc","category-regions"],"_links":{"self":[{"href":"https:\/\/linitiative.ca\/International\/wp-json\/wp\/v2\/posts\/58466","targetHints":{"allow":["GET"]}}],"collection":[{"href":"https:\/\/linitiative.ca\/International\/wp-json\/wp\/v2\/posts"}],"about":[{"href":"https:\/\/linitiative.ca\/International\/wp-json\/wp\/v2\/types\/post"}],"author":[{"embeddable":true,"href":"https:\/\/linitiative.ca\/International\/wp-json\/wp\/v2\/users\/1788"}],"replies":[{"embeddable":true,"href":"https:\/\/linitiative.ca\/International\/wp-json\/wp\/v2\/comments?post=58466"}],"version-history":[{"count":0,"href":"https:\/\/linitiative.ca\/International\/wp-json\/wp\/v2\/posts\/58466\/revisions"}],"wp:featuredmedia":[{"embeddable":true,"href":"https:\/\/linitiative.ca\/International\/wp-json\/"}],"wp:attachment":[{"href":"https:\/\/linitiative.ca\/International\/wp-json\/wp\/v2\/media?parent=58466"}],"wp:term":[{"taxonomy":"category","embeddable":true,"href":"https:\/\/linitiative.ca\/International\/wp-json\/wp\/v2\/categories?post=58466"},{"taxonomy":"post_tag","embeddable":true,"href":"https:\/\/linitiative.ca\/International\/wp-json\/wp\/v2\/tags?post=58466"}],"curies":[{"name":"wp","href":"https:\/\/api.w.org\/{rel}","templated":true}]}}