{"id":58469,"date":"2019-08-19T06:45:00","date_gmt":"2019-08-19T10:45:00","guid":{"rendered":"https:\/\/linitiative.ca\/International\/la-france-se-prepare-a-accueillir-le-g7\/"},"modified":"2019-08-19T06:45:00","modified_gmt":"2019-08-19T10:45:00","slug":"la-france-se-prepare-a-accueillir-le-g7","status":"publish","type":"post","link":"https:\/\/linitiative.ca\/International\/la-france-se-prepare-a-accueillir-le-g7\/","title":{"rendered":"La France se pr\u00e9pare \u00e0 accueillir le G7"},"content":{"rendered":"<div readability=\"37\">\n<p>Guerre commerciale, Iran, Brexit, taxe Gafa\u2026 les grands dossiers<\/p>\n<p>L\u2019\u00e9v\u00e9nement se tiendra \u00e0 Biarritz du 24 au 26 ao\u00fbt<\/p>\n<\/div>\n<div readability=\"101\">\n<div class=\"dnd-atom-wrapper type-image context-sdl_editor_representation\" contenteditable=\"false\" readability=\"34\">\n<div class=\"dnd-drop-wrapper image\"><img loading=\"lazy\" decoding=\"async\" typeof=\"foaf:Image\" class=\"img-responsive\" src=\"https:\/\/www.leconomiste.com\/sites\/default\/files\/eco7\/public\/thumbnails\/image\/sommet_g7_biarritz_075.jpg\" width=\"800\" height=\"648\" alt=\"sommet_g7_biarritz_075.jpg\" title=\"sommet_g7_biarritz_075.jpg\"\/><\/div>\n<div class=\"dnd-legend-wrapper\" contenteditable=\"true\" readability=\"13\">\n<p class=\"rtejustify\">Du 24 au 26 ao\u00fbt, ce sont plus de 5.000 personnes (dirigeants, d\u00e9l\u00e9gu\u00e9s, journalistes et forces de l&rsquo;ordre) qui voisineront avec habitants et touristes de l&rsquo;\u00e9l\u00e9gante cit\u00e9 des Pyr\u00e9n\u00e9es-Atlantiques, plac\u00e9e sous tr\u00e8s haute s\u00e9curit\u00e9 en pleine saison estivale<\/p>\n<\/div>\n<\/div>\n<p class=\"rtejustify\">La s\u00e9curit\u00e9 sera maximale autour du G7 (24-26 ao\u00fbt) \u00e0 Biarritz en France sur lequel p\u00e8sent plusieurs menaces, notamment de \u00abgroupes violents\u00bb. Zone bleue, zone rouge, c\u2019est ainsi que l&rsquo;on d\u00e9signe les deux p\u00e9rim\u00e8tres de s\u00e9curit\u00e9 \u00e9tablis pour le sommet des chefs d&rsquo;Etat. Malgr\u00e9 l&rsquo;interdiction de manifester dans les communes limitrophes de Biarritz, les anti-G7 ont d\u00e9j\u00e0 annonc\u00e9 une prochaine mobilisation.<\/p>\n<p class=\"rtejustify\"><strong>\u25a0 Divergences au menu:<\/strong> Le sommet tombe \u00e0 pic pour \u00e9changer sur les grands dossiers de l&rsquo;actualit\u00e9 qui f\u00e2chent. La liste est longue: la taxation des g\u00e9ants du num\u00e9rique (dite taxe GAFA), sur laquelle s&rsquo;opposent le pr\u00e9sident am\u00e9ricain Donald Trump et son homologue fran\u00e7ais Emmanuel Macron, la guerre commerciale entre Washington et P\u00e9kin, qui inqui\u00e8te capitales et march\u00e9s (les Bourses mondiales sont \u00e0 la peine depuis des mois face \u00e0 la crainte de la r\u00e9cession, notamment aux Etats-Unis et en Allemagne) ou les tensions am\u00e9ricano-iraniennes mena\u00e7ant d&rsquo;enflammer le Golfe&#8230; Pour tenter de d\u00e9miner une partie d&rsquo;entre eux, le chef de l&rsquo;Etat fran\u00e7ais doit recevoir le 19 ao\u00fbt son homologue russe Vladimir Poutine. Le retour de la Russie au sein du G7, dont elle a \u00e9t\u00e9 exclue en 2014, est conditionn\u00e9 par les Occidentaux \u00e0 des avanc\u00e9es de Moscou en vue de r\u00e9gler le conflit ukrainien.<\/p>\n<p class=\"rtejustify\"><strong>\u25a0 Bras de fer sur le Brexit:<\/strong> Le nouveau Premier ministre britannique Boris Johnson sera au centre des attentions. Les Europ\u00e9ens veulent discuter avec lui du Brexit, qu&rsquo;il a promis de mettre en \u0153uvre au 31 octobre, y compris au prix d&rsquo;un divorce sans accord avec l&rsquo;UE. Tr\u00e8s attendu aussi, le t\u00eate-\u00e0-t\u00eate avec Donald Trump, qui s&rsquo;est dit impatient de rencontrer Boris Johnson, qu&rsquo;il voit comme un alli\u00e9 sur la sc\u00e8ne internationale. Tous deux partagent l&rsquo;ambition de conclure au plus vite un accord commercial ambitieux, une fois le Royaume-Uni ayant quitt\u00e9 l&rsquo;UE.<\/p>\n<p class=\"rtejustify\"><strong>\u25a0 G7, new look:<\/strong> A l&rsquo;issue du dernier G7, au Canada fin 2018, Emmanuel Macron a pris plusieurs d\u00e9cisions notamment celle de supprimer la d\u00e9claration finale et de favoriser l&rsquo;\u00e9mergence de coalitions de pays acteurs d\u00e9sireux de proposer des solutions concr\u00e8tes sur les grands d\u00e9fis comme la lutte contre les in\u00e9galit\u00e9s, la lutte contre le r\u00e9chauffement climatique ou la coop\u00e9ration avec l&rsquo;Afrique. Pour lancer le d\u00e9bat, le pr\u00e9sident fran\u00e7ais organisera, le 23 ao\u00fbt \u00e0 l&rsquo;Elys\u00e9e, une journ\u00e9e de dialogue sur ces th\u00e8mes avec la soci\u00e9t\u00e9 civile (experts, ONG, associations&#8230;).<\/p>\n<p class=\"rtejustify\"><strong>\u25a0 Une mobilisation exceptionnelle:<\/strong> Pour ce premier G7 organis\u00e9 en France depuis 2011, les autorit\u00e9s ont pr\u00e9vu une mobilisation exceptionnelle des forces de l&rsquo;ordre, selon le ministre de l&rsquo;Int\u00e9rieur Christophe Castaner. A Biarritz, o\u00f9 une zone rouge ultra-s\u00e9curis\u00e9e sanctuarisera les lieux de rendez-vous, mais aussi dans les villes voisines de Bayonne et Anglet et jusqu&rsquo;\u00e0 la fronti\u00e8re espagnole, \u00abon se pr\u00e9pare \u00e0 l&rsquo;hypoth\u00e8se (de) contre-manifestations. Si elles sont violentes, nous les neutraliserons\u00bb, a averti Castaner, qui a effectu\u00e9 une visite \u00e0 la station baln\u00e9aire le 4 juillet dernier. Plusieurs dizaines de groupes oppos\u00e9s au sommet ont pr\u00e9vu de mener des actions de \u00abd\u00e9sob\u00e9issance civile pacifique\u00bb, notamment durant un contre-sommet du 19 au 23 ao\u00fbt \u00e0 Hendaye et Irun (Espagne), \u00e0 une trentaine de km de Biarritz.<\/p>\n<blockquote readability=\"23\">\n<p class=\"rtecenter\"><strong><span class=\"c4\">En t\u00eate d\u2019affiche<\/span><\/strong><\/p>\n<p class=\"rtejustify\">Au total, 24 d\u00e9l\u00e9gations \u00e9trang\u00e8res sont attendues, avec en t\u00eate d&rsquo;affiche les dirigeants du G7: l&rsquo;Am\u00e9ricain Donald Trump, l&rsquo;Allemande Angela Merkel, le Japonais Shinzo Abe, le Canadien Justin Trudeau, le Britannique Boris Johnson et l&rsquo;Italien Giuseppe Conte. Ils seront accueillis par Emmanuel Macron le samedi 24 ao\u00fbt pour un d\u00eener informel dans un majestueux palace qui domine l&rsquo;Atlantique. Ils devraient ensuite \u00eatre rejoints par leurs coll\u00e8gues des pays invit\u00e9s, comme l&rsquo;Indien Narendra Modi, l&rsquo;Australien Scott Morrison, le Chilien Sebastian Pinera, l&rsquo;Espagnol Pedro Sanchez et six homologues africains: Abdel Fattah al-Sissi (Egypte), Cyril Ramaphosa (Afrique du Sud), Macky Sall (S\u00e9n\u00e9gal), Paul Kagame (Rwanda) et Roch Marc Christian Kabor\u00e9 (Burkina Faso). Participeront aussi aux d\u00e9bats les repr\u00e9sentants de l&rsquo;Union europ\u00e9enne et des grandes organisations internationales, comme l&rsquo;ONU, le FMI ou l&rsquo;OMC.<\/p>\n<\/blockquote>\n<p class=\"rtejustify\"><em>F. Z. T.<\/em><\/p>\n<\/div>\n<p>Auteur: hlafriqi<br \/>\n<a href=\"https:\/\/www.leconomiste.com\/article\/1049032-la-france-se-prepare-accueillir-le-g7\">Cliquez ici pour lire l&rsquo;article depuis sa source.<\/a><\/p>\n","protected":false},"excerpt":{"rendered":"<p>Guerre commerciale, Iran, Brexit, taxe Gafa\u2026 les grands dossiers L\u2019\u00e9v\u00e9nement se tiendra \u00e0 Biarritz du 24 au 26 ao\u00fbt Du 24 au 26 ao\u00fbt, ce sont plus de 5.000 personnes (dirigeants, d\u00e9l\u00e9gu\u00e9s, journalistes et forces de l&rsquo;ordre) qui voisineront avec habitants et touristes de l&rsquo;\u00e9l\u00e9gante cit\u00e9 des Pyr\u00e9n\u00e9es-Atlantiques, plac\u00e9e sous tr\u00e8s haute s\u00e9curit\u00e9 en pleine [&hellip;]<\/p>\n","protected":false},"author":1763,"featured_media":58470,"comment_status":"closed","ping_status":"closed","sticky":false,"template":"","format":"standard","meta":{"fifu_image_url":"","fifu_image_alt":"","footnotes":""},"categories":[78,54],"tags":[],"class_list":["post-58469","post","type-post","status-publish","format-standard","has-post-thumbnail","hentry","category-economie","category-maroc"],"_links":{"self":[{"href":"https:\/\/linitiative.ca\/International\/wp-json\/wp\/v2\/posts\/58469","targetHints":{"allow":["GET"]}}],"collection":[{"href":"https:\/\/linitiative.ca\/International\/wp-json\/wp\/v2\/posts"}],"about":[{"href":"https:\/\/linitiative.ca\/International\/wp-json\/wp\/v2\/types\/post"}],"author":[{"embeddable":true,"href":"https:\/\/linitiative.ca\/International\/wp-json\/wp\/v2\/users\/1763"}],"replies":[{"embeddable":true,"href":"https:\/\/linitiative.ca\/International\/wp-json\/wp\/v2\/comments?post=58469"}],"version-history":[{"count":0,"href":"https:\/\/linitiative.ca\/International\/wp-json\/wp\/v2\/posts\/58469\/revisions"}],"wp:featuredmedia":[{"embeddable":true,"href":"https:\/\/linitiative.ca\/International\/wp-json\/"}],"wp:attachment":[{"href":"https:\/\/linitiative.ca\/International\/wp-json\/wp\/v2\/media?parent=58469"}],"wp:term":[{"taxonomy":"category","embeddable":true,"href":"https:\/\/linitiative.ca\/International\/wp-json\/wp\/v2\/categories?post=58469"},{"taxonomy":"post_tag","embeddable":true,"href":"https:\/\/linitiative.ca\/International\/wp-json\/wp\/v2\/tags?post=58469"}],"curies":[{"name":"wp","href":"https:\/\/api.w.org\/{rel}","templated":true}]}}