{"id":58472,"date":"2019-08-19T07:15:00","date_gmt":"2019-08-19T11:15:00","guid":{"rendered":"https:\/\/linitiative.ca\/International\/parking-des-citoyens-otages-une-autorite-publique-insouciante-et-des-gardiens-rois\/"},"modified":"2019-08-19T07:15:00","modified_gmt":"2019-08-19T11:15:00","slug":"parking-des-citoyens-otages-une-autorite-publique-insouciante-et-des-gardiens-rois","status":"publish","type":"post","link":"https:\/\/linitiative.ca\/International\/parking-des-citoyens-otages-une-autorite-publique-insouciante-et-des-gardiens-rois\/","title":{"rendered":"Parking: Des citoyens otages, une autorit\u00e9 publique insouciante  et des gardiens rois"},"content":{"rendered":"<div class=\"dnd-atom-wrapper type-image context-sdl_editor_representation\" contenteditable=\"false\">\n<div class=\"dnd-drop-wrapper image\"><img loading=\"lazy\" decoding=\"async\" typeof=\"foaf:Image\" class=\"img-responsive\" src=\"https:\/\/www.leconomiste.com\/sites\/default\/files\/eco7\/public\/thumbnails\/image\/gardiens-075.jpg\" width=\"660\" height=\"330\" alt=\"gardiens-075.jpg\" title=\"gardiens-075.jpg\"\/><\/div>\n<\/div>\n<p class=\"rtejustify\"><strong>\u25a0 Irresponsabilit\u00e9 des autorit\u00e9s locales<\/strong><br \/>H\u00e9las, c\u2019est un exemple flagrant de l\u2019irresponsabilit\u00e9 que l\u2019on constate dans la gestion locale de nos villes. Nous avons l\u2019impression que personne ne veut, ou ne peut prendre de d\u00e9cision ferme et donc s\u00e9vir. Comment se fait l\u2019affectation des espaces gard\u00e9s? Qui s\u2019occupe du contr\u00f4le? A-t-on le droit de laisser les automobilistes affronter ces voyous qui s\u2019approprient des tron\u00e7ons de trottoirs? Cette situation opaque semble arranger tout le monde sauf les automobilistes.<br \/><em>A. Dadsi<\/em><\/p>\n<p class=\"rtejustify\"><strong>\u25a0 Conflits sociaux<\/strong><br \/>Les autorit\u00e9s sont conscientes de ce probl\u00e8me. Il s\u2019agit pour elles de limiter les conflits sociaux en laissant un gagne-pain aux gardiens. Cela au d\u00e9triment des automobilistes. \u00a0<br \/><em>\u00a0Ali<\/em><\/p>\n<p class=\"rtejustify\"><strong>\u25a0 Qui s\u2019occupe du contr\u00f4le?<\/strong><br \/>Les communes n\u2019ont aucune autorit\u00e9 directe sur les gardiens. C\u2019est tr\u00e8s facile de critiquer les \u00e9lus, la corruption&#8230;, mais dans la r\u00e9alit\u00e9, ils n\u2019ont absolument aucun pouvoir sur les gardiens de rue. Vous pouvez leur demander de partir, ils vous r\u00e9pondront \u00abnon\u00bb et c\u2019est termin\u00e9. C\u2019est donc \u00e0 la police de s\u2019en occuper.<br \/><strong>Mohammed Bennadi<\/strong><\/p>\n<p class=\"rtejustify\"><strong>\u25a0 Un tribunal populaire<\/strong><br \/>Une v\u00e9ritable mafia. Mais le plus inqui\u00e9tant est que leur arrogance va crescendo en l\u2019absence d\u2019une r\u00e9action publique appropri\u00e9e. Au-del\u00e0 de ce cri d\u2019alarme, il faudra se pencher tr\u00e8s s\u00e9rieusement sur cette plaie pour \u00e9viter de transformer les parkings en tribunal populaire ou en un espace d\u2019expression d\u2019une certaine forme de lutte des classes. Ce ph\u00e9nom\u00e8ne exprime une d\u00e9sesp\u00e9rance sociale qu\u2019il faut \u00e9couter tr\u00e8s vite. \u00a0<br \/><em>Sbai<\/em><\/p>\n<p class=\"rtecenter\"><em><strong><u>\u00a0\u00a0\u00a0\u00a0\u00a0\u00a0\u00a0\u00a0\u00a0\u00a0\u00a0\u00a0\u00a0\u00a0\u00a0\u00a0\u00a0\u00a0\u00a0\u00a0\u00a0\u00a0\u00a0\u00a0\u00a0\u00a0\u00a0\u00a0\u00a0\u00a0\u00a0\u00a0\u00a0\u00a0\u00a0\u00a0\u00a0\u00a0\u00a0\u00a0\u00a0\u00a0\u00a0\u00a0\u00a0\u00a0\u00a0\u00a0\u00a0\u00a0\u00a0\u00a0\u00a0\u00a0\u00a0\u00a0\u00a0\u00a0\u00a0\u00a0\u00a0\u00a0\u00a0\u00a0\u00a0\u00a0\u00a0\u00a0\u00a0\u00a0\u00a0\u00a0\u00a0\u00a0\u00a0\u00a0\u00a0\u00a0\u00a0\u00a0\u00a0\u00a0\u00a0\u00a0\u00a0\u00a0\u00a0\u00a0<\/u><\/strong><\/em><\/p>\n<p class=\"rtecenter\"><strong>Hommage au Dr Abdeljalil Greft-Alami<\/strong><\/p>\n<div class=\"dnd-atom-wrapper type-image context-sdl_editor_representation atom-align-right\" contenteditable=\"false\">\n<div class=\"dnd-drop-wrapper image\"><img loading=\"lazy\" decoding=\"async\" typeof=\"foaf:Image\" class=\"img-responsive\" src=\"https:\/\/www.leconomiste.com\/sites\/default\/files\/eco7\/public\/thumbnails\/image\/dr_greft-alami_075.jpg\" width=\"266\" height=\"397\" alt=\"dr_greft-alami_075.jpg\" title=\"dr_greft-alami_075.jpg\"\/><\/div>\n<\/div>\n<p class=\"rtejustify\"><strong>\u25a0<\/strong> J\u2019apprends avec tristesse, et avec quelques semaines de retard, le d\u00e9c\u00e8s de notre cher coll\u00e8gue le Dr Abdeljalil Greft-Alami. Je voudrais m\u2019associer \u00e0 l\u2019hommage que lui rend L\u2019Economiste <a href=\"https:\/\/leconomiste.com\/archive\/edition\/5535\" target=\"_blank\" rel=\"noopener noreferrer\"><span class=\"c4\"><strong><em>(cf. L\u2019Economiste N\u00b0 5535 du 14 juin 2019)<\/em><\/strong><\/span><\/a> en compl\u00e9tant les indications donn\u00e9es sur son parcours. Durant le dernier trimestre 2014 et le premier trimestre 2015, le Dr Greft-Alami a fait partie de l\u2019\u00e9quipe mobilis\u00e9e par le Bureau international du travail pour porter assistance au minist\u00e8re de l\u2019Emploi et des Affaires sociales dans l\u2019\u00e9laboration de la Strat\u00e9gie nationale de l\u2019emploi (SNE). En tant que coordonnateur de l\u2019\u00e9quipe, je tiens \u00e0 souligner la belle contribution qu\u2019il a apport\u00e9e. Les \u00e9clairages et les orientations qu\u2019il nous a apport\u00e9s \u00e9taient principalement li\u00e9s aux questions de s\u00e9curit\u00e9 sociale, de sant\u00e9 et de travail des seniors. De nombreux paragraphes du document ont \u00e9t\u00e9 r\u00e9dig\u00e9s sous sa supervision dont, notamment, la section relative aux risques li\u00e9s \u00e0 la SNE. Le Dr Greft-Alami \u00e9tait un homme de principes, au verbe talentueux, qui a fait honneur \u00e0 notre \u00e9quipe en acceptant de l\u2019accompagner durant un court \u00e9pisode.<br \/><em>Saad Belghazi<\/em><\/p>\n<p class=\"rtejustify\"><strong>\u25a0<\/strong> Bien qu\u2019un peu tardif, je tiens \u00e0 pr\u00e9senter mes condol\u00e9ances \u00e0 toute la famille et amis de ce grand homme exceptionnel que fut feu Dr Greft-Alami. Un homme humble et humaniste qui a su joindre son savoir m\u00e9dical et ses connaissances et exp\u00e9riences dans la gestion d\u2019organismes sociaux pour donner \u00e0 son pays l\u2019\u00e9lan dont il avait besoin dans le secteur social.<br \/>J\u2019ai eu l\u2019honneur de le c\u00f4toyer de pr\u00e8s et de participer \u00e0 des s\u00e9minaires qu\u2019il dirigeait. C\u2019\u00e9tait l\u2019un des architectes de l\u2019AMO au Maroc, mais pour moi, il demeure surtout ce savant g\u00e9nial et homme exceptionnel que le Maroc vient de perdre. Que Dieu le re\u00e7oive dans Sa paix et mis\u00e9ricorde. Nous sommes \u00e0 Dieu et \u00e0 Lui nous retournons.<br \/><em>Ali Zemmouri<\/em><\/p>\n<p class=\"rtecenter\"><em><strong><u>\u00a0\u00a0\u00a0\u00a0\u00a0\u00a0\u00a0\u00a0\u00a0\u00a0\u00a0\u00a0\u00a0\u00a0\u00a0\u00a0\u00a0\u00a0\u00a0\u00a0\u00a0\u00a0\u00a0\u00a0\u00a0\u00a0\u00a0\u00a0\u00a0\u00a0\u00a0\u00a0\u00a0\u00a0\u00a0\u00a0\u00a0\u00a0\u00a0\u00a0\u00a0\u00a0\u00a0\u00a0\u00a0\u00a0\u00a0\u00a0\u00a0\u00a0\u00a0\u00a0\u00a0\u00a0\u00a0\u00a0\u00a0\u00a0\u00a0\u00a0\u00a0\u00a0\u00a0\u00a0\u00a0\u00a0\u00a0\u00a0\u00a0\u00a0\u00a0\u00a0\u00a0\u00a0\u00a0\u00a0\u00a0\u00a0\u00a0\u00a0\u00a0\u00a0\u00a0\u00a0\u00a0\u00a0\u00a0\u00a0<\/u><\/strong><\/em><\/p>\n<p class=\"rtecenter\"><strong>Marrakech, l\u2019envers d\u2019une destination de \u00abr\u00eave\u00bb<\/strong><\/p>\n<div class=\"dnd-atom-wrapper type-image context-sdl_editor_representation atom-align-right\" contenteditable=\"false\">\n<div class=\"dnd-drop-wrapper image\"><img loading=\"lazy\" decoding=\"async\" typeof=\"foaf:Image\" class=\"img-responsive\" src=\"https:\/\/www.leconomiste.com\/sites\/default\/files\/eco7\/public\/thumbnails\/image\/marrakech_075.jpg\" width=\"425\" height=\"284\" alt=\"marrakech_075.jpg\" title=\"marrakech_075.jpg\"\/><\/div>\n<\/div>\n<p class=\"rtejustify\"><strong>\u25a0\u00a0Harc\u00e8lements et arnaques \u00e0 la pelle<\/strong><br \/>Nous avons nous-m\u00eames \u00e9t\u00e9 victimes de tentatives d\u2019arnaque et d\u2019harc\u00e8lement. Ma fille de 13 ans (blonde) n\u2019osait se promener \u00e0 Marrakech car elle \u00e9tait constamment harcel\u00e9e par des Marocains de tout \u00e2ge (sifflement, commentaires obsc\u00e8nes &#8230;), et ce en compagnie de sa m\u00e8re outr\u00e9e par ces comportements. S\u2019ajoute \u00e0 cela un service, agressif et toujours insistant, mais rarement au rendez-vous. Les prix n\u2019en parlons m\u00eame pas!<br \/>Aussi chers qu\u2019\u00e0 Paris, mais nous ne sommes pas \u00e0 Paris.\u00a0 Nous avons eu l\u2019occasion de voyager r\u00e9cemment en Turquie \u00e0 2 reprises. Je peux vous affirmer que le respect, la qualit\u00e9 du service et le rapport qualit\u00e9\/prix y sont imbattables. Dommage pour le Maroc pour qui le bouche \u00e0 oreille reste la meilleure des publicit\u00e9s.<br \/><em>James<\/em><\/p>\n<p class=\"rtejustify\"><strong>\u25a0 Marrakech alias \u00abArnakech\u00bb<\/strong><br \/>Cela fait 14 ans que je vais \u00e0 Marrakech, ou comme beaucoup disent: \u00abArnakech\u00bb. A mon sens, il faudrait mettre en place une r\u00e9glementation pour les taxis dont la plupart sont des voleurs, n\u2019h\u00e9sitant pas \u00e0 multiplier le prix par 5, voire plus. Il faut toujours se disputer avec eux, ce qui est d\u00e9sagr\u00e9able pour les vacanciers. La mendicit\u00e9, surtout celle des enfants, est une plaie pour le pays.<br \/><em>Marie<\/em><\/p>\n<p class=\"rtejustify\"><strong>\u25a0\u00a0Eliminer l\u2019arnaque pour rentabiliser les investissements<\/strong><br \/>A chaque fois que je me suis rendu \u00e0 Marrakech pour des raisons professionnelles, je n\u2019ai eu que de mauvaises exp\u00e9riences en h\u00f4tellerie comme en restauration. Et \u00e0 chaque fois, je me disais que j\u2019avais peut-\u00eatre jou\u00e9 de malchance! Au final, apr\u00e8s avoir lu cet article, je constate que Marrakech n\u2019a pas autant de qualit\u00e9 qu\u2019il se dit. Cela principalement \u00e0 cause du comportement irresponsable des arnaqueurs de tout poil. Les autorit\u00e9s investissent des sommes colossales dans cette ville, mais la capacit\u00e9 de nuisance de ces filous devra \u00eatre \u00e9limin\u00e9e pour rentabiliser les investissements en jeu. Personnellement, je trouve les villes du nord plus accueillantes, n\u2019en d\u00e9plaise \u00e0 Marrakech et aussi \u00e0 Agadir.<br \/><em>ILY<\/em><\/p>\n<p class=\"rtejustify\">\u00a0<\/p>\n<p>Auteur: hlafriqi<br \/>\n<a href=\"https:\/\/www.leconomiste.com\/article\/1049038-parking-des-citoyens-otages-une-autorite-publique-insouciante-et-des-gardiens-rois\">Cliquez ici pour lire l&rsquo;article depuis sa source.<\/a><\/p>\n","protected":false},"excerpt":{"rendered":"<p>\u25a0 Irresponsabilit\u00e9 des autorit\u00e9s localesH\u00e9las, c\u2019est un exemple flagrant de l\u2019irresponsabilit\u00e9 que l\u2019on constate dans la gestion locale de nos villes. Nous avons l\u2019impression que personne ne veut, ou ne peut prendre de d\u00e9cision ferme et donc s\u00e9vir. Comment se fait l\u2019affectation des espaces gard\u00e9s? Qui s\u2019occupe du contr\u00f4le? A-t-on le droit de laisser les [&hellip;]<\/p>\n","protected":false},"author":1763,"featured_media":58473,"comment_status":"closed","ping_status":"closed","sticky":false,"template":"","format":"standard","meta":{"fifu_image_url":"","fifu_image_alt":"","footnotes":""},"categories":[78,54],"tags":[],"class_list":["post-58472","post","type-post","status-publish","format-standard","has-post-thumbnail","hentry","category-economie","category-maroc"],"_links":{"self":[{"href":"https:\/\/linitiative.ca\/International\/wp-json\/wp\/v2\/posts\/58472","targetHints":{"allow":["GET"]}}],"collection":[{"href":"https:\/\/linitiative.ca\/International\/wp-json\/wp\/v2\/posts"}],"about":[{"href":"https:\/\/linitiative.ca\/International\/wp-json\/wp\/v2\/types\/post"}],"author":[{"embeddable":true,"href":"https:\/\/linitiative.ca\/International\/wp-json\/wp\/v2\/users\/1763"}],"replies":[{"embeddable":true,"href":"https:\/\/linitiative.ca\/International\/wp-json\/wp\/v2\/comments?post=58472"}],"version-history":[{"count":0,"href":"https:\/\/linitiative.ca\/International\/wp-json\/wp\/v2\/posts\/58472\/revisions"}],"wp:featuredmedia":[{"embeddable":true,"href":"https:\/\/linitiative.ca\/International\/wp-json\/"}],"wp:attachment":[{"href":"https:\/\/linitiative.ca\/International\/wp-json\/wp\/v2\/media?parent=58472"}],"wp:term":[{"taxonomy":"category","embeddable":true,"href":"https:\/\/linitiative.ca\/International\/wp-json\/wp\/v2\/categories?post=58472"},{"taxonomy":"post_tag","embeddable":true,"href":"https:\/\/linitiative.ca\/International\/wp-json\/wp\/v2\/tags?post=58472"}],"curies":[{"name":"wp","href":"https:\/\/api.w.org\/{rel}","templated":true}]}}