{"id":58485,"date":"2019-08-18T20:00:00","date_gmt":"2019-08-19T00:00:00","guid":{"rendered":"https:\/\/linitiative.ca\/International\/partis-un-dialogue-rassembleur-pour-aboutir-a-la-presidentielle\/"},"modified":"2019-08-18T20:00:00","modified_gmt":"2019-08-19T00:00:00","slug":"partis-un-dialogue-rassembleur-pour-aboutir-a-la-presidentielle","status":"publish","type":"post","link":"https:\/\/linitiative.ca\/International\/partis-un-dialogue-rassembleur-pour-aboutir-a-la-presidentielle\/","title":{"rendered":"Partis :  Un dialogue rassembleur pour aboutir \u00e0 la pr\u00e9sidentielle"},"content":{"rendered":"<p>Le FLN a affirm\u00e9, samedi dernier, sa disposition \u00e0 aider l\u2019Instance de m\u00e9diation et du dialogue pour lui permettre d\u2019accomplir sa mission et organiser une \u00e9lection pr\u00e9sidentielle transparente dans les plus brefs d\u00e9lais \u00e0 travers un dialogue \u00abs\u00e9rieux et serein\u00bb. A l\u2019issue de la r\u00e9union de son bureau politique, le parti a pr\u00e9cis\u00e9, dans un communiqu\u00e9, que sa position en faveur de cette instance \u00ab\u00e9mane de sa conviction de la n\u00e9cessit\u00e9 d\u2019adopter un dialogue global et rassembleur comme choix appropri\u00e9 susceptible de surmonter la situation actuelle et de pr\u00e9server les acquis nationaux\u00bb, mettant en garde contre ceux qu\u2019il a qualifi\u00e9s de \u00abpartis qui ne veulent pas du bien \u00e0 l\u2019Alg\u00e9rie et tentent de faire \u00e9chouer l\u2019action de cette Instance\u00bb. A ce propos, le parti a d\u00e9nonc\u00e9 \u00abcertaines d\u00e9clarations de membres de cette Instance visant \u00e0 diffamer le FLN\u00bb, estimant que ces d\u00e9clarations sont \u00absans importance (&#8230;) \u00e9tant donn\u00e9 qu\u2019elles \u00e9manent de certaines personnes qui ont \u00e9t\u00e9, ces derni\u00e8res ann\u00e9es, candidats dans les rangs du parti\u00bb. \u00abPersonne ne peut prof\u00e9rer des mensonges susceptibles de ternir l\u2019histoire du FLN qui a toujours \u00e9t\u00e9 aux c\u00f4t\u00e9s de l\u2019Etat alg\u00e9rien en toutes circonstances\u00bb.<br \/>Le parti a r\u00e9it\u00e9r\u00e9 sa position solidaire \u00e0 l\u2019institution militaire qui a prouv\u00e9, avec sa sagesse, son soutien aux revendications populaires.\u00a0 Par ailleurs, le RND a r\u00e9affirm\u00e9, samedi, son engagement \u00abtotal\u00bb \u00e0 contribuer \u00abefficacement\u00bb \u00e0 la d\u00e9marche du dialogue national et \u00e0 toutes ses conclusions \u00abm\u00eame s\u2019il (parti) en est exclu\u00bb. Lors de la c\u00e9r\u00e9monie d\u2019\u00e9change de v\u0153ux de l\u2019A\u00efd El Adha avec les cadres et militants du parti, le Secr\u00e9taire g\u00e9n\u00e9ral par int\u00e9rim du parti, Azzedine Mihoubi, a d\u00e9clar\u00e9 que son parti \u00abest convaincu, depuis le d\u00e9but, qu\u2019il ne peut y avoir de dialogue qu\u2019\u00e0 travers un dialogue national s\u00e9rieux et responsable rassemblant tous les partenaires parmi les partis, la soci\u00e9t\u00e9 civile, les personnalit\u00e9s et les diff\u00e9rents acteurs. \u00abLe parti s\u2019engagera en faveur de toutes les conclusions de ce dialogue m\u00eame s\u2019il en est exclu\u00bb, a-t-il dit en r\u00e9f\u00e9rence \u00e0 l\u2019appel d\u2019exclusion du RND et d\u2019autres partis de la d\u00e9marche du dialogue national. Il a affirm\u00e9 que le RND \u00e9tait toujours \u00abcontre l\u2019exclusion, l\u2019interdiction et la mise en quarantaine politiques\u00bb, rejetant les voix qui appellent \u00e0 son exclusion de la d\u00e9marche du dialogue national. M. Mihoubi a indiqu\u00e9 que le dialogue \u00abdoit \u00eatre \u00e9tabli entre tous les Alg\u00e9riens, toutes tendances confondues, \u00e0 m\u00eame d\u2019aboutir \u00e0 l\u2019organisation de l\u2019\u00e9lection pr\u00e9sidentielle dans les plus brefs d\u00e9lais en vue de faire sortir le pays de cette situation mais cela doit \u00eatre fait sans exclusion aucune\u00bb, estimant que le dialogue \u00abest une question imp\u00e9rative et non pas une option facultative afin de parvenir d\u00e9finitivement \u00e0 la l\u00e9galit\u00e9\u00bb. Il a salu\u00e9 les efforts de l\u2019ANP visant \u00e0 pr\u00e9server la s\u00e9curit\u00e9 et la stabilit\u00e9 du pays.<\/p>\n<p>Auteur: elmoudjahid<br \/>\n<a href=\"http:\/\/www.elmoudjahid.com\/fr\/actualites\/140836\">Cliquez ici pour lire l&rsquo;article depuis sa source.<\/a><\/p>\n","protected":false},"excerpt":{"rendered":"<p>Le FLN a affirm\u00e9, samedi dernier, sa disposition \u00e0 aider l\u2019Instance de m\u00e9diation et du dialogue pour lui permettre d\u2019accomplir sa mission et organiser une \u00e9lection pr\u00e9sidentielle transparente dans les plus brefs d\u00e9lais \u00e0 travers un dialogue \u00abs\u00e9rieux et serein\u00bb. A l\u2019issue de la r\u00e9union de son bureau politique, le parti a pr\u00e9cis\u00e9, dans un [&hellip;]<\/p>\n","protected":false},"author":1744,"featured_media":0,"comment_status":"closed","ping_status":"closed","sticky":false,"template":"","format":"standard","meta":{"fifu_image_url":"","fifu_image_alt":"","footnotes":""},"categories":[73,53],"tags":[],"class_list":["post-58485","post","type-post","status-publish","format-standard","hentry","category-actualite","category-algerie"],"_links":{"self":[{"href":"https:\/\/linitiative.ca\/International\/wp-json\/wp\/v2\/posts\/58485","targetHints":{"allow":["GET"]}}],"collection":[{"href":"https:\/\/linitiative.ca\/International\/wp-json\/wp\/v2\/posts"}],"about":[{"href":"https:\/\/linitiative.ca\/International\/wp-json\/wp\/v2\/types\/post"}],"author":[{"embeddable":true,"href":"https:\/\/linitiative.ca\/International\/wp-json\/wp\/v2\/users\/1744"}],"replies":[{"embeddable":true,"href":"https:\/\/linitiative.ca\/International\/wp-json\/wp\/v2\/comments?post=58485"}],"version-history":[{"count":0,"href":"https:\/\/linitiative.ca\/International\/wp-json\/wp\/v2\/posts\/58485\/revisions"}],"wp:attachment":[{"href":"https:\/\/linitiative.ca\/International\/wp-json\/wp\/v2\/media?parent=58485"}],"wp:term":[{"taxonomy":"category","embeddable":true,"href":"https:\/\/linitiative.ca\/International\/wp-json\/wp\/v2\/categories?post=58485"},{"taxonomy":"post_tag","embeddable":true,"href":"https:\/\/linitiative.ca\/International\/wp-json\/wp\/v2\/tags?post=58485"}],"curies":[{"name":"wp","href":"https:\/\/api.w.org\/{rel}","templated":true}]}}