{"id":58489,"date":"2019-08-18T20:00:00","date_gmt":"2019-08-19T00:00:00","guid":{"rendered":"https:\/\/linitiative.ca\/International\/installation-de-nouveaux-magistrats-appliquer-la-loi-dans-toute-sa-rigueur\/"},"modified":"2019-08-18T20:00:00","modified_gmt":"2019-08-19T00:00:00","slug":"installation-de-nouveaux-magistrats-appliquer-la-loi-dans-toute-sa-rigueur","status":"publish","type":"post","link":"https:\/\/linitiative.ca\/International\/installation-de-nouveaux-magistrats-appliquer-la-loi-dans-toute-sa-rigueur\/","title":{"rendered":"Installation de nouveaux magistrats : Appliquer la loi dans toute sa rigueur"},"content":{"rendered":"<p>M. Benchehida Azzedine a \u00e9t\u00e9 install\u00e9 hier dans ses nouvelles fonctions de Pr\u00e9sident de la cour de Sidi Bel-Abbes en remplacement de Bendalla Ahmed, et ce, \u00e0 la suite du dernier mouvement dans le corps de la justice d\u00e9cid\u00e9 par le chef de l\u2019Etat. Au cours de la c\u00e9r\u00e9monie organis\u00e9e en la circonstance et marqu\u00e9e par la pr\u00e9sence du repr\u00e9sentant du ministre de la Justice, l\u2019occasion \u00e9tait offerte pour rappeler le parcours du magistrat en relevant son capital exp\u00e9rience acquis lors de l\u2019exercice de nombreuses responsabilit\u00e9s au niveau de plusieurs institutions. Le repr\u00e9sentant du minist\u00e8re a mis en relief la port\u00e9e de ce mouvement qui s\u2019inscrit, a-t-il soulign\u00e9, dans le cadre de la valorisation des comp\u00e9tences et du perfectionnement de l\u2019appareil judiciaire dans tous ses compartiments. \u00ab Nous \u0153uvrons pour une justice moderne \u00e0 m\u00eame d\u2019accompagner la mutation de notre soci\u00e9t\u00e9 et de lutter efficacement contre les fl\u00e9aux sociaux, particuli\u00e8rement la corruption\u00a0\u00bb, a-t-il indiqu\u00e9.<br \/>Il souligne le travail remarquable accompli par la justice et le souci de lui restituer ses lettres de noblesse. La pr\u00e9sence de magistrats et d\u2019auxiliaires de la justice, d\u2019officiers de police et de gendarmerie, d\u2019\u00e9lus et de repr\u00e9sentants de la soci\u00e9t\u00e9 civile fut mise \u00e0 profit par l\u2019orateur pour rappeler les objectifs du secteur, d\u00e9termin\u00e9 \u00e0 faire pr\u00e9valoir la notion d\u2019Etat de droit et de d\u00e9fendre \u00e2prement les int\u00e9r\u00eats et les biens de la collectivit\u00e9. Il est aussi question d\u2019attachement \u00e0 l\u2019application de la loi et de l\u2019engagement \u00e0 soutenir les reformes engag\u00e9es par le pays. Il s\u2019agit \u00e9galement de promouvoir les notions d\u2019ind\u00e9pendance et de transparence dans le fonctionnement de la justice conform\u00e9ment aux exigences de l\u2019\u00e9tape actuelle.<br \/>Le premier pr\u00e9sident de la Cour supr\u00eame, Tabi Abderrachid, a \u00e9galement proc\u00e9d\u00e9 hier \u00e0 l\u2019installation du nouveau pr\u00e9sident de la Cour et du procureur g\u00e9n\u00e9ral de Tlemcen, en l\u2019occurrence Boukhoursa Youcef et Bensalah Ali, en remplacement de Benahmed Lakhdar et Bey Benali appel\u00e9s \u00e0 d\u2019autres fonctions. Au cours de la c\u00e9r\u00e9monie d\u2019installation qui s\u2019est d\u00e9roul\u00e9e \u00e0 la Cour de Tlemcen en pr\u00e9sence des autorit\u00e9s locales civiles et militaires de la wilaya de Tlemcen, le premier pr\u00e9sident de la Cour supr\u00eame a soulign\u00e9 que ces nouvelles nominations \u00abs\u2019inscrivent dans le cadre d\u2019un mouvement d\u00e9cid\u00e9 par le chef de l\u2019Etat afin de donner au secteur de la Justice une nouvelle dynamique qui r\u00e9pond aux exigences de cette mission sensible, notamment durant cette p\u00e9riode\u00bb. Le repr\u00e9sentant du ministre de la Justice, garde des Sceaux a, entre autres, indiqu\u00e9 que les deux nouveaux responsables qui ont occup\u00e9 divers postes dans le secteur de la justice ont \u00abbrill\u00e9 par leur comp\u00e9tence et par leur s\u00e9rieux dans l\u2019accomplissement de leurs t\u00e2ches\u00bb, ajoutant que \u00abla lutte contre la corruption et la r\u00e9cup\u00e9ration des fonds d\u00e9tourn\u00e9s figurent parmi les priorit\u00e9s du mouvement op\u00e9r\u00e9 dans le secteur de la Justice\u00bb. Ce mouvement, a-t-il conclu, vise \u00e9galement \u00e0 \u00abr\u00e9instaurer la confiance entre la justice et la soci\u00e9t\u00e9 et permettre \u00e0 ce secteur sensible de se moderniser pour jouer pleinement son r\u00f4le\u00bb.<br \/>Le nouveau pr\u00e9sident de la Cour d\u2019Adrar, Benyamina Menouar, a \u00e9t\u00e9 aussi install\u00e9 hier dans son poste en remplacement de Ma\u00e2rouf Tayeb nomm\u00e9 pr\u00e9sident de la Cour de Mostaganem, dans le cadre du mouvement dans le corps de la magistrature op\u00e9r\u00e9 r\u00e9cemment par le chef de l\u2019Etat Abdelkader Bensalah. La c\u00e9r\u00e9monie d\u2019installation, qui s\u2019est d\u00e9roul\u00e9e au si\u00e8ge de la Cour d\u2019Adrar, a \u00e9t\u00e9 pr\u00e9sid\u00e9e par le procureur g\u00e9n\u00e9ral pr\u00e8s la Cour supr\u00eame, Abderrahim Madjid, en qualit\u00e9 de repr\u00e9sentant du ministre de la Justice, garde des Sceaux, en pr\u00e9sence des autorit\u00e9s locales civiles et militaires de la wilaya, de parlementaires et de citoyens. Au cours de cette c\u00e9r\u00e9monie, le procureur g\u00e9n\u00e9ral pr\u00e8s la Cour supr\u00eame a pass\u00e9 en revue le parcours du nouveau pr\u00e9sident de la Cour d\u2019Adrar, tout en rappelant des directives du ministre de la Justice, garde des Sceaux visant \u00e0 assurer l\u2019ind\u00e9pendance de la justice pour faire face aux d\u00e9fis actuels, notamment dans la lutte contre la corruption et le jugement des corrompus.<br \/><strong>A. Bellaha et APS<\/strong><\/p>\n<p>Auteur: elmoudjahid<br \/>\n<a href=\"http:\/\/www.elmoudjahid.com\/fr\/actualites\/140840\">Cliquez ici pour lire l&rsquo;article depuis sa source.<\/a><\/p>\n","protected":false},"excerpt":{"rendered":"<p>M. Benchehida Azzedine a \u00e9t\u00e9 install\u00e9 hier dans ses nouvelles fonctions de Pr\u00e9sident de la cour de Sidi Bel-Abbes en remplacement de Bendalla Ahmed, et ce, \u00e0 la suite du dernier mouvement dans le corps de la justice d\u00e9cid\u00e9 par le chef de l\u2019Etat. Au cours de la c\u00e9r\u00e9monie organis\u00e9e en la circonstance et marqu\u00e9e [&hellip;]<\/p>\n","protected":false},"author":1744,"featured_media":0,"comment_status":"closed","ping_status":"closed","sticky":false,"template":"","format":"standard","meta":{"fifu_image_url":"","fifu_image_alt":"","footnotes":""},"categories":[73,53],"tags":[],"class_list":["post-58489","post","type-post","status-publish","format-standard","hentry","category-actualite","category-algerie"],"_links":{"self":[{"href":"https:\/\/linitiative.ca\/International\/wp-json\/wp\/v2\/posts\/58489","targetHints":{"allow":["GET"]}}],"collection":[{"href":"https:\/\/linitiative.ca\/International\/wp-json\/wp\/v2\/posts"}],"about":[{"href":"https:\/\/linitiative.ca\/International\/wp-json\/wp\/v2\/types\/post"}],"author":[{"embeddable":true,"href":"https:\/\/linitiative.ca\/International\/wp-json\/wp\/v2\/users\/1744"}],"replies":[{"embeddable":true,"href":"https:\/\/linitiative.ca\/International\/wp-json\/wp\/v2\/comments?post=58489"}],"version-history":[{"count":0,"href":"https:\/\/linitiative.ca\/International\/wp-json\/wp\/v2\/posts\/58489\/revisions"}],"wp:attachment":[{"href":"https:\/\/linitiative.ca\/International\/wp-json\/wp\/v2\/media?parent=58489"}],"wp:term":[{"taxonomy":"category","embeddable":true,"href":"https:\/\/linitiative.ca\/International\/wp-json\/wp\/v2\/categories?post=58489"},{"taxonomy":"post_tag","embeddable":true,"href":"https:\/\/linitiative.ca\/International\/wp-json\/wp\/v2\/tags?post=58489"}],"curies":[{"name":"wp","href":"https:\/\/api.w.org\/{rel}","templated":true}]}}