{"id":58494,"date":"2019-08-19T08:57:54","date_gmt":"2019-08-19T12:57:54","guid":{"rendered":"https:\/\/linitiative.ca\/International\/93336-jeux-africains-2019-le-judo-algerien-termine-en-3e-position\/"},"modified":"2019-08-19T08:57:54","modified_gmt":"2019-08-19T12:57:54","slug":"93336-jeux-africains-2019-le-judo-algerien-termine-en-3e-position","status":"publish","type":"post","link":"https:\/\/linitiative.ca\/International\/93336-jeux-africains-2019-le-judo-algerien-termine-en-3e-position\/","title":{"rendered":"Jeux africains-2019: le judo alg\u00e9rien termine en 3e position"},"content":{"rendered":"<div>\n<div class=\"K2FeedImage\"><img decoding=\"async\" src=\"http:\/\/www.aps.dz\/media\/k2\/items\/cache\/ece82d797f40565f320b5ce4a80e63bd_S.jpg\" alt=\"Un des podiums des \u00e9preuves f\u00e9minines, montrant une judoka alg\u00e9rienne en 2e position \/ 18-08-2019 \/ Photo : Facebook\/@fajudo.officielle\"><\/div>\n<div class=\"K2FeedIntroText\">\n<p><strong>RABAT &#8211; Le judo alg\u00e9rien a termin\u00e9 son tournoi comptant pour les 12es Jeux africains au Maroc (19-31 ao\u00fbt) en 3e position avec un total de 11 m\u00e9dailles (2 or, 3 argent et 6 bronze), au terme des deux jours de comp\u00e9tition consacr\u00e9s \u00e0 la discipline.<\/strong><\/p>\n<\/div>\n<div class=\"K2FeedFullText\">\n<p>La Direction technique nationale (DTN) de la F\u00e9d\u00e9ration alg\u00e9rienne de judo (FAJ), avec le\u00a0 consentement des entra\u00eeneurs nationaux, s&rsquo;\u00e9tait engag\u00e9e aupr\u00e8s du minist\u00e8re de la Jeunesse et des Sports (MJS) \u00e0 revenir \u00e0 la maison avec quatre m\u00e9dailles d&rsquo;or, pla\u00e7ant la barre haut en mati\u00e8re de pronostics.<\/p>\n<p>L&rsquo;Alg\u00e9rie a \u00e9t\u00e9 d\u00e9pass\u00e9e par le Maroc (2e avec 11 m\u00e9dailles : 2 or, 5 argent et 4 bronze), alors que l&rsquo;Egypte a remport\u00e9 le tournoi en totalisant 8 breloques (4 or et 4 bronze). La 4e position est revenue \u00e0 la Tunisie (2 or, 3 argent et 3 bronze).<\/p>\n<p>Lors de la derni\u00e8re \u00e9dition des Jeux africains \u00e0 Brazzaville (Congo) en 2015, la s\u00e9lection alg\u00e9rienne de judo avait termin\u00e9 le tournoi en t\u00eate du classement g\u00e9n\u00e9ral avec 12 m\u00e9dailles (7 or, 4 argent, 1 bronze), suivie de l\u2019Egypte (3 or, 1 argent, 3 bronze) et de la Tunisie (2 or, 6 argent, 5 bronze).<\/p>\n<\/div>\n<p><img loading=\"lazy\" decoding=\"async\" src=\"http:\/\/feeds.feedburner.com\/~r\/aps-sport\/~4\/Sh-Sp_BVmuQ\" height=\"1\" width=\"1\" alt=\"\"><\/div>\n<p>Auteur:<br \/>\n<a href=\"http:\/\/www.aps.dz\/sport\/93336-jeux-africains-2019-le-judo-algerien-termine-en-3e-position?utm_source=feedburner&#038;utm_medium=feed&#038;utm_campaign=Feed%3A+aps-sport+%28APS+-+SPORT%29\">Cliquez ici pour lire l&rsquo;article depuis sa source.<\/a><\/p>\n","protected":false},"excerpt":{"rendered":"<p>RABAT &#8211; Le judo alg\u00e9rien a termin\u00e9 son tournoi comptant pour les 12es Jeux africains au Maroc (19-31 ao\u00fbt) en 3e position avec un total de 11 m\u00e9dailles (2 or, 3 argent et 6 bronze), au terme des deux jours de comp\u00e9tition consacr\u00e9s \u00e0 la discipline. La Direction technique nationale (DTN) de la F\u00e9d\u00e9ration alg\u00e9rienne [&hellip;]<\/p>\n","protected":false},"author":1790,"featured_media":58495,"comment_status":"closed","ping_status":"closed","sticky":false,"template":"","format":"standard","meta":{"fifu_image_url":"","fifu_image_alt":"","footnotes":""},"categories":[53,75],"tags":[],"class_list":["post-58494","post","type-post","status-publish","format-standard","has-post-thumbnail","hentry","category-algerie","category-sport"],"_links":{"self":[{"href":"https:\/\/linitiative.ca\/International\/wp-json\/wp\/v2\/posts\/58494","targetHints":{"allow":["GET"]}}],"collection":[{"href":"https:\/\/linitiative.ca\/International\/wp-json\/wp\/v2\/posts"}],"about":[{"href":"https:\/\/linitiative.ca\/International\/wp-json\/wp\/v2\/types\/post"}],"author":[{"embeddable":true,"href":"https:\/\/linitiative.ca\/International\/wp-json\/wp\/v2\/users\/1790"}],"replies":[{"embeddable":true,"href":"https:\/\/linitiative.ca\/International\/wp-json\/wp\/v2\/comments?post=58494"}],"version-history":[{"count":0,"href":"https:\/\/linitiative.ca\/International\/wp-json\/wp\/v2\/posts\/58494\/revisions"}],"wp:featuredmedia":[{"embeddable":true,"href":"https:\/\/linitiative.ca\/International\/wp-json\/"}],"wp:attachment":[{"href":"https:\/\/linitiative.ca\/International\/wp-json\/wp\/v2\/media?parent=58494"}],"wp:term":[{"taxonomy":"category","embeddable":true,"href":"https:\/\/linitiative.ca\/International\/wp-json\/wp\/v2\/categories?post=58494"},{"taxonomy":"post_tag","embeddable":true,"href":"https:\/\/linitiative.ca\/International\/wp-json\/wp\/v2\/tags?post=58494"}],"curies":[{"name":"wp","href":"https:\/\/api.w.org\/{rel}","templated":true}]}}